{"id":3343,"date":"2018-08-01T10:24:54","date_gmt":"2018-08-01T14:24:54","guid":{"rendered":"https:\/\/ppgecpan.ufms.br\/?p=3343"},"modified":"2018-08-01T10:24:54","modified_gmt":"2018-08-01T14:24:54","slug":"convite-defesa-de-dissertacao-2","status":"publish","type":"post","link":"https:\/\/ppgecpan.ufms.br\/en\/convite-defesa-de-dissertacao-2\/","title":{"rendered":"Convite \u2013 Defesa de Disserta\u00e7\u00e3o"},"content":{"rendered":"<p>O Programa de P\u00f3s-Gradua\u00e7\u00e3o em\u00a0Educa\u00e7\u00e3o convida para a defesa p\u00fablica de disserta\u00e7\u00e3o da seguinte mestranda:<\/p>\n<p><strong>Daniela de F\u00e1tima Teixeira Schmidt<\/strong><\/p>\n<p>T\u00edtulo: <strong>AS CREN\u00c7AS DE PROFESSORES DO ENSINO FUNDAMENTAL &#8211; ANOS INICIAIS DA REDE MUNICIPAL DE EDUCA\u00c7\u00c3O DO MUNIC\u00cdPIO DE CORUMB\u00c1 (MS) SOBRE A VIOL\u00caNCIA\u00a0<span id=\"OBJ_PREFIX_DWT1864_com_zimbra_date\" class=\"Object\"><span id=\"OBJ_PREFIX_DWT1866_com_zimbra_date\" class=\"Object\"><span id=\"OBJ_PREFIX_DWT1979_com_zimbra_date\" class=\"Object\"><span id=\"OBJ_PREFIX_DWT1981_com_zimbra_date\" class=\"Object\"><span id=\"OBJ_PREFIX_DWT1983_com_zimbra_date\" class=\"Object\"><span id=\"OBJ_PREFIX_DWT1985_com_zimbra_date\" class=\"Object\">DOM<\/span><\/span><\/span><\/span><\/span><\/span>\u00c9STICA CONTRA A CRIAN\u00c7A.<\/strong><\/p>\n<p>Data:\u00a002 de agosto de 2018 (amanh\u00e3)<\/p>\n<p>Local: Audit\u00f3rio da Unidade III do C\u00e2mpus do Pantanal \u2013 Rua Domingos Sahib, 99.<\/p>\n<p>Hor\u00e1rio: 10h<\/p>\n","protected":false},"excerpt":{"rendered":"<p>O Programa de P\u00f3s-Gradua\u00e7\u00e3o em\u00a0Educa\u00e7\u00e3o convida para a defesa p\u00fablica de disserta\u00e7\u00e3o da seguinte mestranda: Daniela de F\u00e1tima Teixeira Schmidt T\u00edtulo: AS CREN\u00c7AS DE PROFESSORES DO ENSINO FUNDAMENTAL &#8211; ANOS INICIAIS DA REDE MUNICIPAL DE EDUCA\u00c7\u00c3O DO MUNIC\u00cdPIO DE CORUMB\u00c1 (MS) SOBRE A VIOL\u00caNCIA\u00a0DOM\u00c9STICA CONTRA A CRIAN\u00c7A. Data:\u00a002 de agosto de 2018 (amanh\u00e3) Local: Audit\u00f3rio [&hellip;]<\/p>\n","protected":false},"author":27064,"featured_media":0,"comment_status":"closed","ping_status":"open","sticky":false,"template":"","format":"standard","meta":{"footnotes":""},"categories":[1],"tags":[],"coauthors":[],"class_list":["post-3343","post","type-post","status-publish","format-standard","hentry","category-noticias"],"_links":{"self":[{"href":"https:\/\/ppgecpan.ufms.br\/en\/wp-json\/wp\/v2\/posts\/3343","targetHints":{"allow":["GET"]}}],"collection":[{"href":"https:\/\/ppgecpan.ufms.br\/en\/wp-json\/wp\/v2\/posts"}],"about":[{"href":"https:\/\/ppgecpan.ufms.br\/en\/wp-json\/wp\/v2\/types\/post"}],"author":[{"embeddable":true,"href":"https:\/\/ppgecpan.ufms.br\/en\/wp-json\/wp\/v2\/users\/27064"}],"replies":[{"embeddable":true,"href":"https:\/\/ppgecpan.ufms.br\/en\/wp-json\/wp\/v2\/comments?post=3343"}],"version-history":[{"count":1,"href":"https:\/\/ppgecpan.ufms.br\/en\/wp-json\/wp\/v2\/posts\/3343\/revisions"}],"predecessor-version":[{"id":3344,"href":"https:\/\/ppgecpan.ufms.br\/en\/wp-json\/wp\/v2\/posts\/3343\/revisions\/3344"}],"wp:attachment":[{"href":"https:\/\/ppgecpan.ufms.br\/en\/wp-json\/wp\/v2\/media?parent=3343"}],"wp:term":[{"taxonomy":"category","embeddable":true,"href":"https:\/\/ppgecpan.ufms.br\/en\/wp-json\/wp\/v2\/categories?post=3343"},{"taxonomy":"post_tag","embeddable":true,"href":"https:\/\/ppgecpan.ufms.br\/en\/wp-json\/wp\/v2\/tags?post=3343"},{"taxonomy":"author","embeddable":true,"href":"https:\/\/ppgecpan.ufms.br\/en\/wp-json\/wp\/v2\/coauthors?post=3343"}],"curies":[{"name":"wp","href":"https:\/\/api.w.org\/{rel}","templated":true}]}}