{"id":3388,"date":"2018-08-16T11:32:27","date_gmt":"2018-08-16T15:32:27","guid":{"rendered":"https:\/\/ppgecpan.ufms.br\/?p=3388"},"modified":"2018-08-29T16:27:15","modified_gmt":"2018-08-29T20:27:15","slug":"divulgacao-congresso-sul-mato-grossense-sobre-violencias-no-trabalho-enfrentamento-e-superacao","status":"publish","type":"post","link":"https:\/\/ppgecpan.ufms.br\/en\/divulgacao-congresso-sul-mato-grossense-sobre-violencias-no-trabalho-enfrentamento-e-superacao\/","title":{"rendered":"Divulga\u00e7\u00e3o: Congresso Sul-mato-grossense sobre viol\u00eancias no trabalho: Enfrentamento e supera\u00e7\u00e3o"},"content":{"rendered":"<p>Est\u00e3o abertas as inscri\u00e7\u00f5es para o\u00a0Congresso Sul-mato-grossense sobre viol\u00eancias no trabalho: Enfrentamento e supera\u00e7\u00e3o a ser realizado nos dias 12 e 13 de novembro no Campus do Pantanal.<\/p>\n<p>Para consultar programa\u00e7\u00e3o e informa\u00e7\u00f5es sobre submiss\u00e3o de trabalhos, clique <a href=\"https:\/\/ppgecpan.ufms.br\/files\/2018\/08\/PROGRAMA\u00c7\u00c3O-FINAL-1-DO-CONGRESSO-VIOL\u00caNCIAS-NO-TRABALHO.pdf\" target=\"_blank\" rel=\"noopener noreferrer\">AQUI<\/a>.<\/p>\n","protected":false},"excerpt":{"rendered":"<p>Est\u00e3o abertas as inscri\u00e7\u00f5es para o\u00a0Congresso Sul-mato-grossense sobre viol\u00eancias no trabalho: Enfrentamento e supera\u00e7\u00e3o a ser realizado nos dias 12 e 13 de novembro no Campus do Pantanal. Para consultar programa\u00e7\u00e3o e informa\u00e7\u00f5es sobre submiss\u00e3o de trabalhos, clique AQUI.<\/p>\n","protected":false},"author":2660,"featured_media":3417,"comment_status":"closed","ping_status":"open","sticky":false,"template":"","format":"standard","meta":{"footnotes":""},"categories":[17,38,1],"tags":[],"coauthors":[],"class_list":["post-3388","post","type-post","status-publish","format-standard","has-post-thumbnail","hentry","category-destaques","category-eventos-internos","category-noticias"],"_links":{"self":[{"href":"https:\/\/ppgecpan.ufms.br\/en\/wp-json\/wp\/v2\/posts\/3388","targetHints":{"allow":["GET"]}}],"collection":[{"href":"https:\/\/ppgecpan.ufms.br\/en\/wp-json\/wp\/v2\/posts"}],"about":[{"href":"https:\/\/ppgecpan.ufms.br\/en\/wp-json\/wp\/v2\/types\/post"}],"author":[{"embeddable":true,"href":"https:\/\/ppgecpan.ufms.br\/en\/wp-json\/wp\/v2\/users\/2660"}],"replies":[{"embeddable":true,"href":"https:\/\/ppgecpan.ufms.br\/en\/wp-json\/wp\/v2\/comments?post=3388"}],"version-history":[{"count":1,"href":"https:\/\/ppgecpan.ufms.br\/en\/wp-json\/wp\/v2\/posts\/3388\/revisions"}],"predecessor-version":[{"id":3391,"href":"https:\/\/ppgecpan.ufms.br\/en\/wp-json\/wp\/v2\/posts\/3388\/revisions\/3391"}],"wp:featuredmedia":[{"embeddable":true,"href":"https:\/\/ppgecpan.ufms.br\/en\/wp-json\/wp\/v2\/media\/3417"}],"wp:attachment":[{"href":"https:\/\/ppgecpan.ufms.br\/en\/wp-json\/wp\/v2\/media?parent=3388"}],"wp:term":[{"taxonomy":"category","embeddable":true,"href":"https:\/\/ppgecpan.ufms.br\/en\/wp-json\/wp\/v2\/categories?post=3388"},{"taxonomy":"post_tag","embeddable":true,"href":"https:\/\/ppgecpan.ufms.br\/en\/wp-json\/wp\/v2\/tags?post=3388"},{"taxonomy":"author","embeddable":true,"href":"https:\/\/ppgecpan.ufms.br\/en\/wp-json\/wp\/v2\/coauthors?post=3388"}],"curies":[{"name":"wp","href":"https:\/\/api.w.org\/{rel}","templated":true}]}}