{"id":3393,"date":"2018-08-17T16:53:38","date_gmt":"2018-08-17T20:53:38","guid":{"rendered":"https:\/\/ppgecpan.ufms.br\/?p=3393"},"modified":"2018-08-17T16:53:38","modified_gmt":"2018-08-17T20:53:38","slug":"convite-defesa-de-dissertacao-3","status":"publish","type":"post","link":"https:\/\/ppgecpan.ufms.br\/en\/convite-defesa-de-dissertacao-3\/","title":{"rendered":"Convite \u2013 Defesa de Disserta\u00e7\u00e3o"},"content":{"rendered":"<p>O Programa de P\u00f3s-Gradua\u00e7\u00e3o em\u00a0Educa\u00e7\u00e3o convida para a defesa p\u00fablica de disserta\u00e7\u00e3o do seguinte mestrando:<\/p>\n<p><strong>Josu\u00e9 Cristiano Cuellar da Silva<\/strong><\/p>\n<p>T\u00edtulo:\u00a0\u00a0<strong>ANOREXIA NERVOSA E EDUCA\u00c7\u00c3O SOCIAL: UMA REVIS\u00c3O DE LITERATURA CIENT\u00cdFICA SOB O OLHAR DA TEORIA CR\u00cdTICA<\/strong><\/p>\n<p>Data: 22 de agosto de 2018<\/p>\n<p>Local: Audit\u00f3rio da Unidade III do C\u00e2mpus do Pantanal \u2013 Rua Domingos Sahib, 99.<\/p>\n<p>Hor\u00e1rio: 14h<\/p>\n","protected":false},"excerpt":{"rendered":"<p>O Programa de P\u00f3s-Gradua\u00e7\u00e3o em\u00a0Educa\u00e7\u00e3o convida para a defesa p\u00fablica de disserta\u00e7\u00e3o do seguinte mestrando: Josu\u00e9 Cristiano Cuellar da Silva T\u00edtulo:\u00a0\u00a0ANOREXIA NERVOSA E EDUCA\u00c7\u00c3O SOCIAL: UMA REVIS\u00c3O DE LITERATURA CIENT\u00cdFICA SOB O OLHAR DA TEORIA CR\u00cdTICA Data: 22 de agosto de 2018 Local: Audit\u00f3rio da Unidade III do C\u00e2mpus do Pantanal \u2013 Rua Domingos Sahib, [&hellip;]<\/p>\n","protected":false},"author":28260,"featured_media":916,"comment_status":"closed","ping_status":"open","sticky":false,"template":"","format":"standard","meta":{"footnotes":""},"categories":[1],"tags":[],"coauthors":[],"class_list":["post-3393","post","type-post","status-publish","format-standard","has-post-thumbnail","hentry","category-noticias"],"_links":{"self":[{"href":"https:\/\/ppgecpan.ufms.br\/en\/wp-json\/wp\/v2\/posts\/3393","targetHints":{"allow":["GET"]}}],"collection":[{"href":"https:\/\/ppgecpan.ufms.br\/en\/wp-json\/wp\/v2\/posts"}],"about":[{"href":"https:\/\/ppgecpan.ufms.br\/en\/wp-json\/wp\/v2\/types\/post"}],"author":[{"embeddable":true,"href":"https:\/\/ppgecpan.ufms.br\/en\/wp-json\/wp\/v2\/users\/28260"}],"replies":[{"embeddable":true,"href":"https:\/\/ppgecpan.ufms.br\/en\/wp-json\/wp\/v2\/comments?post=3393"}],"version-history":[{"count":1,"href":"https:\/\/ppgecpan.ufms.br\/en\/wp-json\/wp\/v2\/posts\/3393\/revisions"}],"predecessor-version":[{"id":3394,"href":"https:\/\/ppgecpan.ufms.br\/en\/wp-json\/wp\/v2\/posts\/3393\/revisions\/3394"}],"wp:featuredmedia":[{"embeddable":true,"href":"https:\/\/ppgecpan.ufms.br\/en\/wp-json\/wp\/v2\/media\/916"}],"wp:attachment":[{"href":"https:\/\/ppgecpan.ufms.br\/en\/wp-json\/wp\/v2\/media?parent=3393"}],"wp:term":[{"taxonomy":"category","embeddable":true,"href":"https:\/\/ppgecpan.ufms.br\/en\/wp-json\/wp\/v2\/categories?post=3393"},{"taxonomy":"post_tag","embeddable":true,"href":"https:\/\/ppgecpan.ufms.br\/en\/wp-json\/wp\/v2\/tags?post=3393"},{"taxonomy":"author","embeddable":true,"href":"https:\/\/ppgecpan.ufms.br\/en\/wp-json\/wp\/v2\/coauthors?post=3393"}],"curies":[{"name":"wp","href":"https:\/\/api.w.org\/{rel}","templated":true}]}}