{"id":3405,"date":"2018-08-24T10:45:38","date_gmt":"2018-08-24T14:45:38","guid":{"rendered":"https:\/\/ppgecpan.ufms.br\/?p=3405"},"modified":"2018-08-29T16:16:07","modified_gmt":"2018-08-29T20:16:07","slug":"convite-ii-mini-curso-internacional-mulheres-da-fronteira-educacao-violencias-baseadas-no-genero-e-estudos-sobre-feminicidios","status":"publish","type":"post","link":"https:\/\/ppgecpan.ufms.br\/en\/convite-ii-mini-curso-internacional-mulheres-da-fronteira-educacao-violencias-baseadas-no-genero-e-estudos-sobre-feminicidios\/","title":{"rendered":"Convite \u2013 II Mini Curso Internacional \u2013 Mulheres da Fronteira Educa\u00e7\u00e3o, Viol\u00eancias Baseadas no G\u00eanero e Estudos sobre Feminic\u00eddios"},"content":{"rendered":"<p>O evento ser\u00e1 realizado em 27 de agosto de 2018, \u00e0s 19h, no Audit\u00f3rio da Unidade III\/Cpan.<\/p>\n<p>Ministrantes:<br \/>\nProfa. Dra. Cl\u00e1udia Ara\u00fajo de Lima \u2013 UFMS\/BRASIL<br \/>\nProfa. Doutoranda Vivian Veiga da Silva \u2013 UFMS\/BRASIL<br \/>\nProfa. P\u00f3s-Doutoranda Cintia Santos Diallo \u2013 UFMS\/BRASIL<br \/>\nProfa. Mestre Maria Gladys Mor\u00f3n T. \u2013 UAGRM\/BOL\u00cdVIA<\/p>\n<p>Informa\u00e7\u00f5es: 06732346201<\/p>\n","protected":false},"excerpt":{"rendered":"<p>O evento ser\u00e1 realizado em 27 de agosto de 2018, \u00e0s 19h, no Audit\u00f3rio da Unidade III\/Cpan. Ministrantes: Profa. Dra. Cl\u00e1udia Ara\u00fajo de Lima \u2013 UFMS\/BRASIL Profa. Doutoranda Vivian Veiga da Silva \u2013 UFMS\/BRASIL Profa. P\u00f3s-Doutoranda Cintia Santos Diallo \u2013 UFMS\/BRASIL Profa. Mestre Maria Gladys Mor\u00f3n T. \u2013 UAGRM\/BOL\u00cdVIA Informa\u00e7\u00f5es: 06732346201<\/p>\n","protected":false},"author":28260,"featured_media":3404,"comment_status":"closed","ping_status":"open","sticky":false,"template":"","format":"standard","meta":{"footnotes":""},"categories":[17,38,1],"tags":[],"coauthors":[],"class_list":["post-3405","post","type-post","status-publish","format-standard","has-post-thumbnail","hentry","category-destaques","category-eventos-internos","category-noticias"],"_links":{"self":[{"href":"https:\/\/ppgecpan.ufms.br\/en\/wp-json\/wp\/v2\/posts\/3405","targetHints":{"allow":["GET"]}}],"collection":[{"href":"https:\/\/ppgecpan.ufms.br\/en\/wp-json\/wp\/v2\/posts"}],"about":[{"href":"https:\/\/ppgecpan.ufms.br\/en\/wp-json\/wp\/v2\/types\/post"}],"author":[{"embeddable":true,"href":"https:\/\/ppgecpan.ufms.br\/en\/wp-json\/wp\/v2\/users\/28260"}],"replies":[{"embeddable":true,"href":"https:\/\/ppgecpan.ufms.br\/en\/wp-json\/wp\/v2\/comments?post=3405"}],"version-history":[{"count":2,"href":"https:\/\/ppgecpan.ufms.br\/en\/wp-json\/wp\/v2\/posts\/3405\/revisions"}],"predecessor-version":[{"id":3407,"href":"https:\/\/ppgecpan.ufms.br\/en\/wp-json\/wp\/v2\/posts\/3405\/revisions\/3407"}],"wp:featuredmedia":[{"embeddable":true,"href":"https:\/\/ppgecpan.ufms.br\/en\/wp-json\/wp\/v2\/media\/3404"}],"wp:attachment":[{"href":"https:\/\/ppgecpan.ufms.br\/en\/wp-json\/wp\/v2\/media?parent=3405"}],"wp:term":[{"taxonomy":"category","embeddable":true,"href":"https:\/\/ppgecpan.ufms.br\/en\/wp-json\/wp\/v2\/categories?post=3405"},{"taxonomy":"post_tag","embeddable":true,"href":"https:\/\/ppgecpan.ufms.br\/en\/wp-json\/wp\/v2\/tags?post=3405"},{"taxonomy":"author","embeddable":true,"href":"https:\/\/ppgecpan.ufms.br\/en\/wp-json\/wp\/v2\/coauthors?post=3405"}],"curies":[{"name":"wp","href":"https:\/\/api.w.org\/{rel}","templated":true}]}}