{"id":3412,"date":"2018-08-29T16:15:43","date_gmt":"2018-08-29T20:15:43","guid":{"rendered":"https:\/\/ppgecpan.ufms.br\/?p=3412"},"modified":"2018-08-29T16:17:14","modified_gmt":"2018-08-29T20:17:14","slug":"convite-palestra-educacao-publica-na-berlinda","status":"publish","type":"post","link":"https:\/\/ppgecpan.ufms.br\/en\/convite-palestra-educacao-publica-na-berlinda\/","title":{"rendered":"Convite: Palestra &#8220;Educa\u00e7\u00e3o p\u00fablica na berlinda&#8221;"},"content":{"rendered":"<p><span style=\"color: #000000\">Na <span id=\"OBJ_PREFIX_DWT96_com_zimbra_date\" class=\"Object\"><span style=\"color: #005a95\">quinta-feira<\/span><\/span>, <span id=\"OBJ_PREFIX_DWT97_com_zimbra_date\" class=\"Object\"><span style=\"color: #005a95\">30\/08\/18<\/span><\/span>, haver\u00e1 uma palestra com a professora <strong>Eneida <span id=\"DWT99\" class=\"ZmSearchResult\">Shiroma<\/span><\/strong>, da Universidade Federal de Santa Catarina, com o tema &#8220;EDUCA\u00c7\u00c3O P\u00daBLICA NA BERLINDA&#8221;.<\/span><\/p>\n<p><span style=\"color: #000000\">A palestra ser\u00e1 realizada no audit\u00f3rio da Unidade III do CPAN, Porto Geral, \u00e0s 19h.<\/span><\/p>\n<p><span style=\"color: #000000\">Ser\u00e1 emitida declara\u00e7\u00e3o de participa\u00e7\u00e3o pelo PPGE.<\/span><\/p>\n<p><span style=\"color: #000000\">Contamos com a participa\u00e7\u00e3o de todos, tendo em vista a grande relev\u00e2ncia do tema para\u00a0a \u00e1rea.<\/span><\/p>\n<p><b><span style=\"color: #000000\">Palestra: EDUCA\u00c7\u00c3O P\u00daBLICA NA BERLINDA<\/span><\/b><\/p>\n<p><b><span style=\"color: #000000\">Data: 30\/08\/18 &#8211; quinta-feira<\/span><\/b><\/p>\n<p><b><span style=\"color: #000000\">Hor\u00e1rio: 19h00min<\/span><\/b><\/p>\n<p><b><span style=\"color: #000000\">Local: Unidade III &#8211; CPAN<\/span><\/b><\/p>\n","protected":false},"excerpt":{"rendered":"<p>Na quinta-feira, 30\/08\/18, haver\u00e1 uma palestra com a professora Eneida Shiroma, da Universidade Federal de Santa Catarina, com o tema &#8220;EDUCA\u00c7\u00c3O P\u00daBLICA NA BERLINDA&#8221;. A palestra ser\u00e1 realizada no audit\u00f3rio da Unidade III do CPAN, Porto Geral, \u00e0s 19h. Ser\u00e1 emitida declara\u00e7\u00e3o de participa\u00e7\u00e3o pelo PPGE. Contamos com a participa\u00e7\u00e3o de todos, tendo em vista [&hellip;]<\/p>\n","protected":false},"author":2660,"featured_media":3414,"comment_status":"closed","ping_status":"open","sticky":false,"template":"","format":"standard","meta":{"footnotes":""},"categories":[17,38,1],"tags":[],"coauthors":[],"class_list":["post-3412","post","type-post","status-publish","format-standard","has-post-thumbnail","hentry","category-destaques","category-eventos-internos","category-noticias"],"_links":{"self":[{"href":"https:\/\/ppgecpan.ufms.br\/en\/wp-json\/wp\/v2\/posts\/3412","targetHints":{"allow":["GET"]}}],"collection":[{"href":"https:\/\/ppgecpan.ufms.br\/en\/wp-json\/wp\/v2\/posts"}],"about":[{"href":"https:\/\/ppgecpan.ufms.br\/en\/wp-json\/wp\/v2\/types\/post"}],"author":[{"embeddable":true,"href":"https:\/\/ppgecpan.ufms.br\/en\/wp-json\/wp\/v2\/users\/2660"}],"replies":[{"embeddable":true,"href":"https:\/\/ppgecpan.ufms.br\/en\/wp-json\/wp\/v2\/comments?post=3412"}],"version-history":[{"count":3,"href":"https:\/\/ppgecpan.ufms.br\/en\/wp-json\/wp\/v2\/posts\/3412\/revisions"}],"predecessor-version":[{"id":3416,"href":"https:\/\/ppgecpan.ufms.br\/en\/wp-json\/wp\/v2\/posts\/3412\/revisions\/3416"}],"wp:featuredmedia":[{"embeddable":true,"href":"https:\/\/ppgecpan.ufms.br\/en\/wp-json\/wp\/v2\/media\/3414"}],"wp:attachment":[{"href":"https:\/\/ppgecpan.ufms.br\/en\/wp-json\/wp\/v2\/media?parent=3412"}],"wp:term":[{"taxonomy":"category","embeddable":true,"href":"https:\/\/ppgecpan.ufms.br\/en\/wp-json\/wp\/v2\/categories?post=3412"},{"taxonomy":"post_tag","embeddable":true,"href":"https:\/\/ppgecpan.ufms.br\/en\/wp-json\/wp\/v2\/tags?post=3412"},{"taxonomy":"author","embeddable":true,"href":"https:\/\/ppgecpan.ufms.br\/en\/wp-json\/wp\/v2\/coauthors?post=3412"}],"curies":[{"name":"wp","href":"https:\/\/api.w.org\/{rel}","templated":true}]}}