{"id":3418,"date":"2018-09-03T08:24:16","date_gmt":"2018-09-03T12:24:16","guid":{"rendered":"https:\/\/ppgecpan.ufms.br\/?p=3418"},"modified":"2018-09-03T08:24:16","modified_gmt":"2018-09-03T12:24:16","slug":"divulgacao-i-encontro-de-educacao-em-direitos-humanos-unesp-rio-claro","status":"publish","type":"post","link":"https:\/\/ppgecpan.ufms.br\/en\/divulgacao-i-encontro-de-educacao-em-direitos-humanos-unesp-rio-claro\/","title":{"rendered":"Divulga\u00e7\u00e3o: I ENCONTRO DE EDUCA\u00c7\u00c3O EM DIREITOS HUMANOS UNESP RIO CLARO"},"content":{"rendered":"<p>I ENCONTRO DE EDUCA\u00c7\u00c3O EM DIREITOS HUMANOS &#8211; UNESP \u2013 RIO CLARO<\/p>\n<p>Data: 29 a 31\/out\/2018<\/p>\n<p>Local: UNESP\/Campus Rio Claro<\/p>\n<p>&nbsp;<\/p>\n<p><u>Se voc\u00ea desenvolve atividades de Educa\u00e7\u00e3o em Direitos Humanos na Escola<\/u>, <strong><u>INSCREVA SUA EXPERI\u00caNCIA<\/u><\/strong> para apresenta\u00e7\u00e3o no I ENCONTRO DE EDUCA\u00c7\u00c3O EM DIREITOS HUMANOS &#8211; UNESP \u2013 RIO CLARO na modalidade <strong>Relato de Experi\u00eancia (como eu fa\u00e7o)<\/strong> \u2013 Resumo de 1500 a 2500 caracteres com espa\u00e7os)<\/p>\n<p><a href=\"https:\/\/educacaodireitoshumanos.jimdofree.com\/normas-para-submiss%C3%A3o-de-trabalhos\/\" target=\"_blank\" rel=\"noopener noreferrer\">https:\/\/educacaodireitoshumanos.jimdofree.com\/normas-para-submiss%C3%A3o-de-trabalhos\/<\/a><\/p>\n<p>Projetos de Educa\u00e7\u00e3o em Direitos Humanos s\u00e3o aqueles que desenvolvem temas relacionados a princ\u00edpios constantes artigo 3\u00ba da Resolu\u00e7\u00e3o n\u00ba 1, do Conselho Nacional de Educa\u00e7\u00e3o, com a finalidade de promover a educa\u00e7\u00e3o para a mudan\u00e7a e a transforma\u00e7\u00e3o social, muitos deles, j\u00e1 realizados em diferentes escolas, pois as mesmas s\u00e3o locais privilegiados de aprendizagem e viv\u00eancias cidad\u00e3s e democr\u00e1ticas.<\/p>\n<p>De acordo com o artigo 3\u00ba da Resolu\u00e7\u00e3o n\u00ba 1, do Conselho Nacional de Educa\u00e7\u00e3o, a Educa\u00e7\u00e3o em Direitos Humanos fundamenta-se nos seguintes princ\u00edpios:<\/p>\n<p>I &#8211; dignidade humana;<\/p>\n<p>II &#8211; igualdade de direitos;<\/p>\n<p>III &#8211; reconhecimento e valoriza\u00e7\u00e3o das diferen\u00e7as e das diversidades;<\/p>\n<p>IV &#8211; laicidade do Estado;<\/p>\n<p>V &#8211; democracia na educa\u00e7\u00e3o;<\/p>\n<p>VI &#8211; transversalidade, viv\u00eancia e globalidade;<\/p>\n<p>VII &#8211; sustentabilidade socioambiental.<\/p>\n<p>Elencamos abaixo, alguns projetos desenvolvidos por diferentes escolas, a t\u00edtulo de exemplifica\u00e7\u00e3o:<\/p>\n<p>\u201cConstruindo Valores positivos no ambiente escolar\u201d \u2013 disseminar valores como \u00e9tica, respeito, solidariedade, entre outros;<\/p>\n<p>\u201cRespeitar \u00e9 preciso\u201d \u2013 discutir o que \u00e9 respeito na m\u00eddia e nos espa\u00e7os sociais;<\/p>\n<p>\u201cOlhando mais longe\u201d- discutir com os jovens sobre pol\u00edticas para juventude;<\/p>\n<p>\u201cProtagonismo Juvenil\u201d \u2013 desenvolver a autonomia de a\u00e7\u00f5es na escola pelos jovens;<\/p>\n<p>\u201cCuidando do patrim\u00f4nio\u201d \u2013 desenvolver a responsabilidade social;<\/p>\n<p>\u201cIgualdade: g\u00eanero e ra\u00e7a\u201d \u2013 desenvolver o respeito pelas diferen\u00e7as e promover a igualdade de direitos;<\/p>\n<p>\u201cIncluir \u00e9 bom\u201d \u2013 promover a\u00e7\u00f5es de inclus\u00e3o de alunos com necessidades especiais;<\/p>\n<p>\u201cQuebrando sil\u00eancio\u201d \u2013 combater a viol\u00eancia dom\u00e9stica;<\/p>\n<p>\u201cT\u00f4 dentro\u201d \u2013 apoiar as manifesta\u00e7\u00f5es culturais de jovens;<\/p>\n<p>\u201cA cor da cultura\u201d &#8211; valorizar da cultura africana na forma\u00e7\u00e3o da cultura brasileira;<\/p>\n<p>\u201cDesvendando a cultura ind\u00edgena\u201d \u2013 resgatar\u00a0 e valorizar a cultura ind\u00edgena;<\/p>\n<p>\u201cProjeto sa\u00fade\u201d \u2013 trabalhar temas de sa\u00fade como direito fundamental;<\/p>\n<p>\u201cPreservar \u00e9 preciso\u201d \u2013 promover a\u00e7\u00f5es de preserva\u00e7\u00e3o e responsabilidade sobre o meio ambiente;<\/p>\n<p>\u201cForma\u00e7\u00e3o de professores em Educa\u00e7\u00e3o em Direitos Humanos\u201d \u2013 forma\u00e7\u00e3o continuada em espa\u00e7os de trabalho pedag\u00f3gico.<\/p>\n","protected":false},"excerpt":{"rendered":"<p>I ENCONTRO DE EDUCA\u00c7\u00c3O EM DIREITOS HUMANOS &#8211; UNESP \u2013 RIO CLARO Data: 29 a 31\/out\/2018 Local: UNESP\/Campus Rio Claro &nbsp; Se voc\u00ea desenvolve atividades de Educa\u00e7\u00e3o em Direitos Humanos na Escola, INSCREVA SUA EXPERI\u00caNCIA para apresenta\u00e7\u00e3o no I ENCONTRO DE EDUCA\u00c7\u00c3O EM DIREITOS HUMANOS &#8211; UNESP \u2013 RIO CLARO na modalidade Relato de Experi\u00eancia [&hellip;]<\/p>\n","protected":false},"author":2660,"featured_media":3419,"comment_status":"closed","ping_status":"open","sticky":false,"template":"","format":"standard","meta":{"footnotes":""},"categories":[17,39],"tags":[],"coauthors":[],"class_list":["post-3418","post","type-post","status-publish","format-standard","has-post-thumbnail","hentry","category-destaques","category-eventos-externos"],"_links":{"self":[{"href":"https:\/\/ppgecpan.ufms.br\/en\/wp-json\/wp\/v2\/posts\/3418","targetHints":{"allow":["GET"]}}],"collection":[{"href":"https:\/\/ppgecpan.ufms.br\/en\/wp-json\/wp\/v2\/posts"}],"about":[{"href":"https:\/\/ppgecpan.ufms.br\/en\/wp-json\/wp\/v2\/types\/post"}],"author":[{"embeddable":true,"href":"https:\/\/ppgecpan.ufms.br\/en\/wp-json\/wp\/v2\/users\/2660"}],"replies":[{"embeddable":true,"href":"https:\/\/ppgecpan.ufms.br\/en\/wp-json\/wp\/v2\/comments?post=3418"}],"version-history":[{"count":1,"href":"https:\/\/ppgecpan.ufms.br\/en\/wp-json\/wp\/v2\/posts\/3418\/revisions"}],"predecessor-version":[{"id":3420,"href":"https:\/\/ppgecpan.ufms.br\/en\/wp-json\/wp\/v2\/posts\/3418\/revisions\/3420"}],"wp:featuredmedia":[{"embeddable":true,"href":"https:\/\/ppgecpan.ufms.br\/en\/wp-json\/wp\/v2\/media\/3419"}],"wp:attachment":[{"href":"https:\/\/ppgecpan.ufms.br\/en\/wp-json\/wp\/v2\/media?parent=3418"}],"wp:term":[{"taxonomy":"category","embeddable":true,"href":"https:\/\/ppgecpan.ufms.br\/en\/wp-json\/wp\/v2\/categories?post=3418"},{"taxonomy":"post_tag","embeddable":true,"href":"https:\/\/ppgecpan.ufms.br\/en\/wp-json\/wp\/v2\/tags?post=3418"},{"taxonomy":"author","embeddable":true,"href":"https:\/\/ppgecpan.ufms.br\/en\/wp-json\/wp\/v2\/coauthors?post=3418"}],"curies":[{"name":"wp","href":"https:\/\/api.w.org\/{rel}","templated":true}]}}