{"id":3447,"date":"2018-09-20T08:01:54","date_gmt":"2018-09-20T12:01:54","guid":{"rendered":"https:\/\/ppgecpan.ufms.br\/?p=3447"},"modified":"2018-09-20T08:01:54","modified_gmt":"2018-09-20T12:01:54","slug":"divulgacao-coloquio-internacional-24-e-25-junho-2019","status":"publish","type":"post","link":"https:\/\/ppgecpan.ufms.br\/en\/divulgacao-coloquio-internacional-24-e-25-junho-2019\/","title":{"rendered":"Divulga\u00e7\u00e3o Col\u00f3quio Internacional | 24 e 25 junho 2019"},"content":{"rendered":"<p>Divulgamos o Col\u00f3quio Internacional\u00a0<strong><em>PASSAGES, TRANSFERTS, TRAJECTOIRES EN \u00c9DUCATION,\u00a0<\/em><\/strong>que se realizar\u00e1 na Universidade de Genebra, Uni-Mail, nos dias 24 e 25 de junho de 2019.<\/p>\n<p>O prazo para submiss\u00e3o de propostas de comunica\u00e7\u00e3o \u00e9 30 de Setembro de 2018.<\/p>\n<p><a href=\"https:\/\/ppgecpan.ufms.br\/files\/2018\/09\/Flyer-ATRHE-2019.pdf\" target=\"_blank\" rel=\"noopener noreferrer\">Folder<\/a><\/p>\n","protected":false},"excerpt":{"rendered":"<p>Divulgamos o Col\u00f3quio Internacional\u00a0PASSAGES, TRANSFERTS, TRAJECTOIRES EN \u00c9DUCATION,\u00a0que se realizar\u00e1 na Universidade de Genebra, Uni-Mail, nos dias 24 e 25 de junho de 2019. O prazo para submiss\u00e3o de propostas de comunica\u00e7\u00e3o \u00e9 30 de Setembro de 2018. Folder<\/p>\n","protected":false},"author":2660,"featured_media":3449,"comment_status":"closed","ping_status":"open","sticky":false,"template":"","format":"standard","meta":{"footnotes":""},"categories":[17,39],"tags":[],"coauthors":[],"class_list":["post-3447","post","type-post","status-publish","format-standard","has-post-thumbnail","hentry","category-destaques","category-eventos-externos"],"_links":{"self":[{"href":"https:\/\/ppgecpan.ufms.br\/en\/wp-json\/wp\/v2\/posts\/3447","targetHints":{"allow":["GET"]}}],"collection":[{"href":"https:\/\/ppgecpan.ufms.br\/en\/wp-json\/wp\/v2\/posts"}],"about":[{"href":"https:\/\/ppgecpan.ufms.br\/en\/wp-json\/wp\/v2\/types\/post"}],"author":[{"embeddable":true,"href":"https:\/\/ppgecpan.ufms.br\/en\/wp-json\/wp\/v2\/users\/2660"}],"replies":[{"embeddable":true,"href":"https:\/\/ppgecpan.ufms.br\/en\/wp-json\/wp\/v2\/comments?post=3447"}],"version-history":[{"count":1,"href":"https:\/\/ppgecpan.ufms.br\/en\/wp-json\/wp\/v2\/posts\/3447\/revisions"}],"predecessor-version":[{"id":3450,"href":"https:\/\/ppgecpan.ufms.br\/en\/wp-json\/wp\/v2\/posts\/3447\/revisions\/3450"}],"wp:featuredmedia":[{"embeddable":true,"href":"https:\/\/ppgecpan.ufms.br\/en\/wp-json\/wp\/v2\/media\/3449"}],"wp:attachment":[{"href":"https:\/\/ppgecpan.ufms.br\/en\/wp-json\/wp\/v2\/media?parent=3447"}],"wp:term":[{"taxonomy":"category","embeddable":true,"href":"https:\/\/ppgecpan.ufms.br\/en\/wp-json\/wp\/v2\/categories?post=3447"},{"taxonomy":"post_tag","embeddable":true,"href":"https:\/\/ppgecpan.ufms.br\/en\/wp-json\/wp\/v2\/tags?post=3447"},{"taxonomy":"author","embeddable":true,"href":"https:\/\/ppgecpan.ufms.br\/en\/wp-json\/wp\/v2\/coauthors?post=3447"}],"curies":[{"name":"wp","href":"https:\/\/api.w.org\/{rel}","templated":true}]}}