{"id":3451,"date":"2018-09-24T18:01:11","date_gmt":"2018-09-24T22:01:11","guid":{"rendered":"https:\/\/ppgecpan.ufms.br\/?p=3451"},"modified":"2018-09-24T18:01:11","modified_gmt":"2018-09-24T22:01:11","slug":"mesa-redonda-contrarreforma-do-ensino-medio","status":"publish","type":"post","link":"https:\/\/ppgecpan.ufms.br\/en\/mesa-redonda-contrarreforma-do-ensino-medio\/","title":{"rendered":"Mesa Redonda: A contrarreforma do ensino m\u00e9dio"},"content":{"rendered":"<p><span style=\"font-size: large\"><strong>Mesa Redonda: A contrarreforma do ensino m\u00e9dio<\/strong>.\u00a0<\/span><\/p>\n<p><span style=\"font-size: large\">O\u00a0 referido evento \u00e9 uma parceria IFMS e UFMS e tem como objetivo debater a contrarreforma do ensino m\u00e9dio no contexto hist\u00f3rico das reformas da educa\u00e7\u00e3o secund\u00e1ria no Brasil, com destaque ao \u201cnovo ensino m\u00e9dio\u201d, originado atrav\u00e9s da Medida Provis\u00f3ria (MP) n\u00ba 246\/2016, que deu origem \u00e0 lei n\u00ba 13.415\/2017.<\/span><\/p>\n<p>Mais informa\u00e7\u00f5es, <a href=\"https:\/\/ppgecpan.ufms.br\/files\/2018\/09\/Evento-Contrarreforma-EM-1.pdf\" target=\"_blank\" rel=\"noopener noreferrer\"><strong>aqui<\/strong><\/a>.<\/p>\n","protected":false},"excerpt":{"rendered":"<p>Mesa Redonda: A contrarreforma do ensino m\u00e9dio.\u00a0 O\u00a0 referido evento \u00e9 uma parceria IFMS e UFMS e tem como objetivo debater a contrarreforma do ensino m\u00e9dio no contexto hist\u00f3rico das reformas da educa\u00e7\u00e3o secund\u00e1ria no Brasil, com destaque ao \u201cnovo ensino m\u00e9dio\u201d, originado atrav\u00e9s da Medida Provis\u00f3ria (MP) n\u00ba 246\/2016, que deu origem \u00e0 lei [&hellip;]<\/p>\n","protected":false},"author":2660,"featured_media":3454,"comment_status":"closed","ping_status":"open","sticky":false,"template":"","format":"standard","meta":{"footnotes":""},"categories":[17,1],"tags":[],"coauthors":[],"class_list":["post-3451","post","type-post","status-publish","format-standard","has-post-thumbnail","hentry","category-destaques","category-noticias"],"_links":{"self":[{"href":"https:\/\/ppgecpan.ufms.br\/en\/wp-json\/wp\/v2\/posts\/3451","targetHints":{"allow":["GET"]}}],"collection":[{"href":"https:\/\/ppgecpan.ufms.br\/en\/wp-json\/wp\/v2\/posts"}],"about":[{"href":"https:\/\/ppgecpan.ufms.br\/en\/wp-json\/wp\/v2\/types\/post"}],"author":[{"embeddable":true,"href":"https:\/\/ppgecpan.ufms.br\/en\/wp-json\/wp\/v2\/users\/2660"}],"replies":[{"embeddable":true,"href":"https:\/\/ppgecpan.ufms.br\/en\/wp-json\/wp\/v2\/comments?post=3451"}],"version-history":[{"count":1,"href":"https:\/\/ppgecpan.ufms.br\/en\/wp-json\/wp\/v2\/posts\/3451\/revisions"}],"predecessor-version":[{"id":3455,"href":"https:\/\/ppgecpan.ufms.br\/en\/wp-json\/wp\/v2\/posts\/3451\/revisions\/3455"}],"wp:featuredmedia":[{"embeddable":true,"href":"https:\/\/ppgecpan.ufms.br\/en\/wp-json\/wp\/v2\/media\/3454"}],"wp:attachment":[{"href":"https:\/\/ppgecpan.ufms.br\/en\/wp-json\/wp\/v2\/media?parent=3451"}],"wp:term":[{"taxonomy":"category","embeddable":true,"href":"https:\/\/ppgecpan.ufms.br\/en\/wp-json\/wp\/v2\/categories?post=3451"},{"taxonomy":"post_tag","embeddable":true,"href":"https:\/\/ppgecpan.ufms.br\/en\/wp-json\/wp\/v2\/tags?post=3451"},{"taxonomy":"author","embeddable":true,"href":"https:\/\/ppgecpan.ufms.br\/en\/wp-json\/wp\/v2\/coauthors?post=3451"}],"curies":[{"name":"wp","href":"https:\/\/api.w.org\/{rel}","templated":true}]}}