{"id":3461,"date":"2018-10-01T14:22:50","date_gmt":"2018-10-01T18:22:50","guid":{"rendered":"https:\/\/ppgecpan.ufms.br\/?p=3461"},"modified":"2018-10-01T14:22:50","modified_gmt":"2018-10-01T18:22:50","slug":"call-for-papers-xx-coloquio-de-outono-2018-paz-e-liberdade-visoes-discursos-manipulacoes","status":"publish","type":"post","link":"https:\/\/ppgecpan.ufms.br\/en\/call-for-papers-xx-coloquio-de-outono-2018-paz-e-liberdade-visoes-discursos-manipulacoes\/","title":{"rendered":"Call for papers &#8211; XX COL\u00d3QUIO DE OUTONO 2018 &#8211; &#8220;Paz e liberdade. Vis\u00f5es, Discursos, Manipula\u00e7\u00f5es&#8221;"},"content":{"rendered":"<p><strong>Divulga\u00e7\u00e3o CEHUM:<\/strong><\/p>\n<p>12-13 de novembro de 2018 \u2013 Universidade do Minho, Braga<\/p>\n<p>CALL FOR PAPERS AT\u00c9 30 DE SETEMBRO<\/p>\n<p><u>\u00a0<\/u><\/p>\n<p><strong>XX COL\u00d3QUIO DE OUTONO 2018<\/strong><\/p>\n<p><strong>\u201cPaz e liberdade. Vis\u00f5es, Discursos, Manipula\u00e7\u00f5es\u201d<\/strong><\/p>\n<p><strong>\u00a0<\/strong><\/p>\n<p><strong>Website: <\/strong><strong><a href=\"http:\/\/cehum.ilch.uminho.pt\/xxco\" target=\"_blank\" rel=\"noopener noreferrer\">http:\/\/cehum.ilch.uminho.pt\/xxco<\/a><\/strong><\/p>\n<p><strong>Programa: <a href=\"http:\/\/cehum.ilch.uminho.pt\/xxco\/static\/programme2.pdf\" target=\"_blank\" rel=\"noopener noreferrer\">http:\/\/cehum.ilch.uminho.pt\/xxco\/static\/programme2.pdf<\/a><\/strong><\/p>\n<p>&nbsp;<\/p>\n<p>\u00abPaz \u00e0s cabanas! Guerra aos pal\u00e1cios!\u00bb, este c\u00e9lebre lema d\u2019<em>O Mensageiro de Hesse<\/em> (1834), um dos primeiros panfletos pr\u00e9-comunistas (B\u00fcchner \/ Weidig) que exorta os camponeses \u00e0 revolta, inspirou Marc Chagall, em 1918, portanto h\u00e1 cem anos, para a cria\u00e7\u00e3o de um mural num edif\u00edcio p\u00fablico. Este mural, tal como in\u00fameros outros, fazem parte da express\u00e3o art\u00edstica ligada \u00e0 Revolu\u00e7\u00e3o de Outubro \u2013 uma arte interventiva, comprometida com a a\u00e7\u00e3o coletiva. Este exemplo ilustra dois aspetos centrais da tem\u00e1tica global do <strong>XX\u00ba Col\u00f3quio de Outono<\/strong> do CEHUM:<\/p>\n<p>(1) a paz e a liberdade s\u00e3o conceitos utilizados ao servi\u00e7o de vis\u00f5es e no seio de discursos que se levantam, por um lado, contra estruturas de poder estabelecidas e, por outro, tamb\u00e9m contra os movimentos que amea\u00e7am a ordem antiga \u2013 basta pensar no movimento anticomunista <em>Paix et Libert\u00e9<\/em> que inundou a Fran\u00e7a dos anos 50 com cartazes e panfletos;<\/p>\n<p>(2) a interven\u00e7\u00e3o de artistas pl\u00e1sticos, m\u00fasicos e escritores em prol da paz e da liberdade corresponde a um conceito de arte que abandona os espa\u00e7os e os circuitos restritos que lhe s\u00e3o tradicionalmente reservados para intervir na rua, unindo-se \u00e0 a\u00e7\u00e3o, conferindo menor import\u00e2ncia \u00e0 dimens\u00e3o est\u00e9tica em si ou negando-a at\u00e9.<\/p>\n<p>&nbsp;<\/p>\n<p>A Revolu\u00e7\u00e3o de Outubro est\u00e1 intimamente interligada com o sucessivo fim da Grande Guerra, por inspirar movimentos pacifistas e revolucion\u00e1rios por toda a Europa que pretendiam libert\u00e1-la de estruturas de poder e de explora\u00e7\u00e3o consideradas respons\u00e1veis pela escalada de viol\u00eancia e de horrores nunca antes vistos. A data de <strong>9 de novembro de 1918<\/strong> marca o fim do Imp\u00e9rio Alem\u00e3o e, ao mesmo tempo, o in\u00edcio do levantamento popular espartaquista que acabar\u00e1 no assassinato de Rosa Luxemburg e Karl Liebknecht, em 15 de janeiro de 1919, e em lutas fratricidas entre socialistas e comunistas. S\u00e3o figuras ic\u00f3nicas de uma luta pela liberdade que evoca a mem\u00f3ria de outro \u00eddolo, Mikhail Bakunin, e os movimentos anarquistas em volta da <em>Liga da Paz e da Liberdade<\/em> que teve h\u00e1 150 anos, em setembro de <strong>1868<\/strong>, o seu Congresso em Berna.<\/p>\n<p>A oposi\u00e7\u00e3o a outra Guerra, a Guerra de Vietnam, contribuiu muito para o famoso <em>Summer of Love<\/em>, de 1967, que por sua vez, inspirou a onda de movimentos de juventude que ficou na Hist\u00f3ria Contempor\u00e2nea etiquetada como <strong>Maio de 68<\/strong>. Tal como cinco d\u00e9cadas antes, e ainda com uma maior criatividade transmedial, a arte invadiu os espa\u00e7os p\u00fablicos levando a uma hibridiza\u00e7\u00e3o destes com o espa\u00e7o privado e o \u00edntimo, nomeadamente ao n\u00edvel da revolu\u00e7\u00e3o sexual, acrescentando aos conceitos de Paz e Liberdade o de Amor. Indissoci\u00e1veis de tais din\u00e2micas s\u00e3o tamb\u00e9m os movimentos contra a descrimina\u00e7\u00e3o de g\u00e9nero e ra\u00e7a que se podiam rever na express\u00e3o \u201cI prefer dangerous freedom over peaceful slavery\u201d, como disse Thomas Jefferson, inspirando-se numa velha express\u00e3o em latim de autoria desconhecida; outros se lembrar\u00e3o da frase \u201cJe pr\u00e9f\u00e8re une libert\u00e9 dangereuse plut\u00f4t qu\u2019un esclavage tranquille\u201d que aparece em <em>Du contrat social ou Principes du droit politique<\/em> (1762), de Jean Jacques Rousseau. O exemplo ilustra a migra\u00e7\u00e3o de reflex\u00f5es sobre os conceitos de paz e liberdade, s\u00f3 \u00e0 primeira vista em plena sintonia, por\u00e9m abertos a m\u00faltiplas interpreta\u00e7\u00f5es, dependendo de contextos hist\u00f3ricos sempre diferentes mas compar\u00e1veis.<\/p>\n<p><strong>Oradores convidados:<\/strong><\/p>\n<ul>\n<li>Wolfram Eilenberger, fil\u00f3sofo e autor do livro <em>Zeit der Zauberer<\/em> (2018; <em>Time of the Magicians: The Great Decade of Philosophy 1919-1929<\/em>) [<a href=\"http:\/\/www.wolfram-eilenberger.de\/welcome\">CV<\/a>], patrocinado pelo <em>Goethe Institut \u2013 Portugal<\/em> e pela Embaixada da Rep\u00fablica Federal da Alemanha<\/li>\n<li>Tom\u00e1s Albaladejo (profesor catedr\u00e1tico da Universidad Aut\u00f3noma de Madrid). [<a href=\"https:\/\/www.uam.es\/ss\/Satellite\/FilosofiayLetras\/es\/1242658464228\/1242670303719\/persona\/detallePDI\/Albaladejo_Mayordomo,_Tomas.htm\">CV<\/a>]\u00a0 \u00abGuerra, paz, libertad: narratividad dial\u00e9ctica y literariedad\u00bb<\/li>\n<li>Carlo Salzani, investigador (Vienna) [<a href=\"https:\/\/cehum.ilch.uminho.pt\/xxco\/static\/abstract_carlo_salzani.pdf\">Abstract<\/a>] \u00abWalter Benjamin reads Mickey Mouse: Cinema, Technology and the Posthuman\u00bb<\/li>\n<li>Burghard Baltrusch (Professor Titular da Universidade de Vigo, I C\u00e1tedra Internacional Jos\u00e9 Saramago). [<a href=\"http:\/\/webh03.webs.uvigo.es\/burghard-baltrusch\/\">CV<\/a>] \u00abGuerra e viol\u00eancia de g\u00e9nero em O Ano de 1993 de Jos\u00e9 Saramago e nas ilustra\u00e7\u00f5es de Gra\u00e7a Morais\u00bb<\/li>\n<li>Jo\u00e3o Nuno Azambuja, autor dos livros <em>Era Uma Vez um Homem<\/em> e <em>Os Provocadores de Naufr\u00e1gios<\/em>. [<a href=\"https:\/\/joao-nuno-azambuja.webnode.pt\/\">CV<\/a>]<\/li>\n<\/ul>\n<p>\u00abPol\u00edtica: a\u00e7\u00e3o ou rea\u00e7\u00e3o? A clarivid\u00eancia de Arist\u00f3teles\u00bb<\/p>\n<p>&nbsp;<\/p>\n<ul>\n<li>Ant\u00f3nio Lou\u00e7\u00e3 (historian &amp; journalist). \u00abAlemanha 1918 a 1923 \u2013 um missing link na Hist\u00f3ria da luta pelo Socialismo\u00bb<\/li>\n<\/ul>\n<p>&nbsp;<\/p>\n<p><strong>Submiss\u00e3o de propostas<\/strong><\/p>\n<p>Tratando-se de um congresso na \u00e1rea diversificada das Humanidades (Ci\u00eancias da Cultura, da Linguagem, da Literatura e das Artes), o nosso interesse focar\u00e1 sempre o contributo destas para a discuss\u00e3o de quest\u00f5es essenciais da vida e do mundo, num entendimento das Humanidades como Ci\u00eancias da Vida em articula\u00e7\u00e3o com outras \u00e1reas cient\u00edficas e sempre procurando interliga\u00e7\u00f5es entre o rico patrim\u00f3nio do passado e os mais diversos fen\u00f3menos da atualidade. A partir destas reflex\u00f5es, propomos as seguintes pain\u00e9is tem\u00e1ticos (ainda em atualiza\u00e7\u00e3o):<\/p>\n<ul>\n<li>Painel: <strong>Pensar a Guerra e Paz \/ Thinking on War and Peace<\/strong> [<a href=\"https:\/\/cehum.ilch.uminho.pt\/xxco\/static\/painel1.pdf\">CFP PT \/ EN<\/a>]<\/li>\n<li>Painel: <strong>Marcos transnacionais da luta pela liberdade de express\u00e3o \/ Transnational landmarks in the struggle for freedom of expression<\/strong> [<a href=\"https:\/\/cehum.ilch.uminho.pt\/xxco\/static\/painel2.pdf\">CFP PT \/ EN<\/a>]<\/li>\n<\/ul>\n<p>&nbsp;<\/p>\n<p>O XX Col\u00f3quio de Outono integrar\u00e1, ainda:<\/p>\n<p>Uma sess\u00e3o de posters, destinada a alunos de p\u00f3s-gradua\u00e7\u00e3o ou investigadores rec\u00e9m-doutorados, nas v\u00e1rias \u00e1reas de investiga\u00e7\u00e3o do CEHUM (sem restri\u00e7\u00e3o tem\u00e1tica).<\/p>\n<p>&nbsp;<\/p>\n<p>As propostas de comunica\u00e7\u00e3o (em Portugu\u00eas, Ingl\u00eas, Franc\u00eas ou Espanhol) dever\u00e3o ser enviadas at\u00e9 <strong>30 de setembro de 2018<\/strong> atrav\u00e9s deste <a href=\"https:\/\/cehum.ilch.uminho.pt\/xxco#registration\">formul\u00e1rio<\/a>. Na submiss\u00e3o das propostas, pede-se &#8211; conforme o caso \u2013 a indica\u00e7\u00e3o do respetivo Painel ou de Poster. S\u00e3o ainda bem-vindas propostas que, n\u00e3o se enquadrando diretamente em nenhum dos pain\u00e9is apresentados, se relacionem com a tem\u00e1tica geral do Col\u00f3quio.<\/p>\n<p>&nbsp;<\/p>\n<p>Uma sele\u00e7\u00e3o das comunica\u00e7\u00f5es apresentadas, avaliadas por pares (peer-review), ser\u00e1 publicada em vers\u00e3o e-book e livro impresso (tiragem reduzida \/ por encomenda).<\/p>\n<p>&nbsp;<\/p>\n<p><strong>Comiss\u00e3o Organizadora:<\/strong><\/p>\n<ul>\n<li>Orlando Grossegesse (Universidade do Minho, Portugal)<\/li>\n<li>Cristina Flores (Universidade do Minho, Portugal)<\/li>\n<li>Micaela Ramon (Universidade do Minho, Portugal)<\/li>\n<\/ul>\n<p>&nbsp;<\/p>\n<p><strong>Prazos:<\/strong><\/p>\n<p><strong>Submiss\u00e3o de propostas de comunica\u00e7\u00e3o:<\/strong>\u00a0at\u00e9 30 de setembro de 2018 [<a href=\"http:\/\/cehum.ilch.uminho.pt\/xxco\/default\/index#registration\">formul\u00e1rio<\/a>].<\/p>\n<p><strong>Notifica\u00e7\u00e3o de aceita\u00e7\u00e3o:<\/strong>\u00a08 de outubro de 2018.<\/p>\n<p><strong>Inscri\u00e7\u00f5es para assistir:<\/strong>\u00a0de 1 a 30 de outubro de 2018.<\/p>\n<p><strong>Taxa de inscri\u00e7\u00e3o:<\/strong><\/p>\n<p>P\u00fablico em geral: 50\u20ac<\/p>\n<p>Membros da Universidade do Minho:<\/p>\n<p>Docentes \/ investigadores s\u00e9nior: 25\u20ac<\/p>\n<p>Estudantes \/ investigadores j\u00fanior: 10\u20ac<\/p>\n<p>Membros CEHUM e alunos ILCH: gratuito<\/p>\n<p>Jantar de conv\u00edvio no dia 12\/11\/2018 (opcional): 20\u20ac<\/p>\n<p><strong>Organiza\u00e7\u00e3o:<\/strong><\/p>\n","protected":false},"excerpt":{"rendered":"<p>Divulga\u00e7\u00e3o CEHUM: 12-13 de novembro de 2018 \u2013 Universidade do Minho, Braga CALL FOR PAPERS AT\u00c9 30 DE SETEMBRO \u00a0 XX COL\u00d3QUIO DE OUTONO 2018 \u201cPaz e liberdade. Vis\u00f5es, Discursos, Manipula\u00e7\u00f5es\u201d \u00a0 Website: http:\/\/cehum.ilch.uminho.pt\/xxco Programa: http:\/\/cehum.ilch.uminho.pt\/xxco\/static\/programme2.pdf &nbsp; \u00abPaz \u00e0s cabanas! Guerra aos pal\u00e1cios!\u00bb, este c\u00e9lebre lema d\u2019O Mensageiro de Hesse (1834), um dos primeiros panfletos [&hellip;]<\/p>\n","protected":false},"author":2660,"featured_media":3462,"comment_status":"closed","ping_status":"open","sticky":false,"template":"","format":"standard","meta":{"footnotes":""},"categories":[17,39],"tags":[],"coauthors":[],"class_list":["post-3461","post","type-post","status-publish","format-standard","has-post-thumbnail","hentry","category-destaques","category-eventos-externos"],"_links":{"self":[{"href":"https:\/\/ppgecpan.ufms.br\/en\/wp-json\/wp\/v2\/posts\/3461","targetHints":{"allow":["GET"]}}],"collection":[{"href":"https:\/\/ppgecpan.ufms.br\/en\/wp-json\/wp\/v2\/posts"}],"about":[{"href":"https:\/\/ppgecpan.ufms.br\/en\/wp-json\/wp\/v2\/types\/post"}],"author":[{"embeddable":true,"href":"https:\/\/ppgecpan.ufms.br\/en\/wp-json\/wp\/v2\/users\/2660"}],"replies":[{"embeddable":true,"href":"https:\/\/ppgecpan.ufms.br\/en\/wp-json\/wp\/v2\/comments?post=3461"}],"version-history":[{"count":1,"href":"https:\/\/ppgecpan.ufms.br\/en\/wp-json\/wp\/v2\/posts\/3461\/revisions"}],"predecessor-version":[{"id":3463,"href":"https:\/\/ppgecpan.ufms.br\/en\/wp-json\/wp\/v2\/posts\/3461\/revisions\/3463"}],"wp:featuredmedia":[{"embeddable":true,"href":"https:\/\/ppgecpan.ufms.br\/en\/wp-json\/wp\/v2\/media\/3462"}],"wp:attachment":[{"href":"https:\/\/ppgecpan.ufms.br\/en\/wp-json\/wp\/v2\/media?parent=3461"}],"wp:term":[{"taxonomy":"category","embeddable":true,"href":"https:\/\/ppgecpan.ufms.br\/en\/wp-json\/wp\/v2\/categories?post=3461"},{"taxonomy":"post_tag","embeddable":true,"href":"https:\/\/ppgecpan.ufms.br\/en\/wp-json\/wp\/v2\/tags?post=3461"},{"taxonomy":"author","embeddable":true,"href":"https:\/\/ppgecpan.ufms.br\/en\/wp-json\/wp\/v2\/coauthors?post=3461"}],"curies":[{"name":"wp","href":"https:\/\/api.w.org\/{rel}","templated":true}]}}