{"id":356,"date":"2013-03-15T16:17:52","date_gmt":"2013-03-15T20:17:52","guid":{"rendered":"http:\/\/ppgecpan.draconis.ufms.br\/?p=356"},"modified":"2016-02-19T16:04:22","modified_gmt":"2016-02-19T20:04:22","slug":"inscricoes-para-aluno-especial-20131","status":"publish","type":"post","link":"https:\/\/ppgecpan.ufms.br\/en\/inscricoes-para-aluno-especial-20131\/","title":{"rendered":"Inscri\u00e7\u00f5es para Aluno Especial 2013\/1"},"content":{"rendered":"<div>\n<p>\u00a0ATEN\u00c7\u00c3O!<\/p>\n<p>Est\u00e3o abertas as inscri\u00e7\u00f5es para a sele\u00e7\u00e3o de alunos especiais do Programa de p\u00f3s-gradua\u00e7\u00e3o em Educa\u00e7\u00e3o- CPAN para as seguintes disciplinas:<\/p>\n<p>1-\u00a0\u00a0\u00a0\u00a0\u00a0 <strong>POL\u00cdTICAS PUBLICAS PARA A INF\u00c2NCIA E ADOLESC\u00caNCIA<\/strong> (5 vagas)<\/p>\n<p><strong>(ministrada semanalmente, as quintas feiras, per\u00edodo vespeertino)<\/strong><\/p>\n<p>2-\u00a0\u00a0<strong>EDUCA\u00c7\u00c3O ESPECIAL E CULTURA NA SOCIEDADE CONTEMPORAN\u00caA <\/strong>(6 vagas)<\/p>\n<p><strong>\u00a0\u00a0\u00a0\u00a0 (ministrada \u00a0aos s\u00e1bados em Campo Grande quinzenalmente das 13:30\u00a0 as 11:30 e das 13:30 as 17:30)<\/strong><\/p>\n<p>As inscri\u00e7\u00f5es dever\u00e3o ser feitas nos dias 18, 19 e 20, conforme as seguintes instru\u00e7\u00f5es:<\/p>\n<p>&#8211; mandar o requerimento por e-mail<\/p>\n<p>&#8211; vir assinar na secretaria do PPGE\/CPAN<\/p>\n<p>&#8211; se inscrever \u00a0apenas em \u00a0uma disciplina<\/p>\n<p><a href=\"http:\/\/ppgecpan.draconis.ufms.br\/files\/2013\/03\/requerimento_geral_PPGE_CPAN.doc\" target=\"_blank\">Download do Formul\u00e1rio<\/a><\/p>\n<\/div>\n","protected":false},"excerpt":{"rendered":"<p>\u00a0ATEN\u00c7\u00c3O! Est\u00e3o abertas as inscri\u00e7\u00f5es para a sele\u00e7\u00e3o de alunos especiais do Programa de p\u00f3s-gradua\u00e7\u00e3o em Educa\u00e7\u00e3o- CPAN para as seguintes disciplinas: 1-\u00a0\u00a0\u00a0\u00a0\u00a0 POL\u00cdTICAS PUBLICAS PARA A INF\u00c2NCIA E ADOLESC\u00caNCIA (5 vagas) (ministrada semanalmente, as quintas feiras, per\u00edodo vespeertino) 2-\u00a0\u00a0EDUCA\u00c7\u00c3O ESPECIAL E CULTURA NA SOCIEDADE CONTEMPORAN\u00caA (6 vagas) \u00a0\u00a0\u00a0\u00a0 (ministrada \u00a0aos s\u00e1bados em Campo Grande [&hellip;]<\/p>\n","protected":false},"author":7,"featured_media":0,"comment_status":"closed","ping_status":"open","sticky":false,"template":"","format":"standard","meta":{"footnotes":""},"categories":[9,1],"tags":[],"coauthors":[],"class_list":["post-356","post","type-post","status-publish","format-standard","hentry","category-editais","category-noticias"],"_links":{"self":[{"href":"https:\/\/ppgecpan.ufms.br\/en\/wp-json\/wp\/v2\/posts\/356","targetHints":{"allow":["GET"]}}],"collection":[{"href":"https:\/\/ppgecpan.ufms.br\/en\/wp-json\/wp\/v2\/posts"}],"about":[{"href":"https:\/\/ppgecpan.ufms.br\/en\/wp-json\/wp\/v2\/types\/post"}],"author":[{"embeddable":true,"href":"https:\/\/ppgecpan.ufms.br\/en\/wp-json\/wp\/v2\/users\/7"}],"replies":[{"embeddable":true,"href":"https:\/\/ppgecpan.ufms.br\/en\/wp-json\/wp\/v2\/comments?post=356"}],"version-history":[{"count":3,"href":"https:\/\/ppgecpan.ufms.br\/en\/wp-json\/wp\/v2\/posts\/356\/revisions"}],"predecessor-version":[{"id":581,"href":"https:\/\/ppgecpan.ufms.br\/en\/wp-json\/wp\/v2\/posts\/356\/revisions\/581"}],"wp:attachment":[{"href":"https:\/\/ppgecpan.ufms.br\/en\/wp-json\/wp\/v2\/media?parent=356"}],"wp:term":[{"taxonomy":"category","embeddable":true,"href":"https:\/\/ppgecpan.ufms.br\/en\/wp-json\/wp\/v2\/categories?post=356"},{"taxonomy":"post_tag","embeddable":true,"href":"https:\/\/ppgecpan.ufms.br\/en\/wp-json\/wp\/v2\/tags?post=356"},{"taxonomy":"author","embeddable":true,"href":"https:\/\/ppgecpan.ufms.br\/en\/wp-json\/wp\/v2\/coauthors?post=356"}],"curies":[{"name":"wp","href":"https:\/\/api.w.org\/{rel}","templated":true}]}}