{"id":3657,"date":"2019-01-30T09:42:35","date_gmt":"2019-01-30T13:42:35","guid":{"rendered":"https:\/\/ppgecpan.ufms.br\/?p=3657"},"modified":"2019-01-30T09:42:35","modified_gmt":"2019-01-30T13:42:35","slug":"valeria-aparecida-benites-de-oliveira-cabral-formacao-profissional-para-educacao-infantil-o-proinfantil-no-municipio-de-corumba-ms","status":"publish","type":"post","link":"https:\/\/ppgecpan.ufms.br\/en\/valeria-aparecida-benites-de-oliveira-cabral-formacao-profissional-para-educacao-infantil-o-proinfantil-no-municipio-de-corumba-ms\/","title":{"rendered":"(Portugu\u00eas do Brasil) VAL\u00c9RIA APARECIDA BENITES DE OLIVEIRA CABRAL &#8211;  Forma\u00e7\u00e3o Profissional Para a Educa\u00e7\u00e3o Infantil:  O Proinfantil no Munic\u00edpio de Corumb\u00e1-MS"},"content":{"rendered":"<p class=\"qtranxs-available-languages-message qtranxs-available-languages-message-en\">Sorry, this entry is only available in <a href=\"https:\/\/ppgecpan.ufms.br\/pb\/wp-json\/wp\/v2\/posts\/3657\" class=\"qtranxs-available-language-link qtranxs-available-language-link-pb\" title=\"Portugu\u00eas do Brasil\">Portugu\u00eas do Brasil<\/a>.<\/p>","protected":false},"excerpt":{"rendered":"<p>Sorry, this entry is only available in Portugu\u00eas do Brasil.<\/p>\n","protected":false},"author":28260,"featured_media":1596,"comment_status":"closed","ping_status":"open","sticky":false,"template":"","format":"standard","meta":{"footnotes":""},"categories":[64,8],"tags":[],"coauthors":[],"class_list":["post-3657","post","type-post","status-publish","format-standard","has-post-thumbnail","hentry","category-2018-2015-2018","category-dissertacoes"],"_links":{"self":[{"href":"https:\/\/ppgecpan.ufms.br\/en\/wp-json\/wp\/v2\/posts\/3657","targetHints":{"allow":["GET"]}}],"collection":[{"href":"https:\/\/ppgecpan.ufms.br\/en\/wp-json\/wp\/v2\/posts"}],"about":[{"href":"https:\/\/ppgecpan.ufms.br\/en\/wp-json\/wp\/v2\/types\/post"}],"author":[{"embeddable":true,"href":"https:\/\/ppgecpan.ufms.br\/en\/wp-json\/wp\/v2\/users\/28260"}],"replies":[{"embeddable":true,"href":"https:\/\/ppgecpan.ufms.br\/en\/wp-json\/wp\/v2\/comments?post=3657"}],"version-history":[{"count":1,"href":"https:\/\/ppgecpan.ufms.br\/en\/wp-json\/wp\/v2\/posts\/3657\/revisions"}],"predecessor-version":[{"id":3660,"href":"https:\/\/ppgecpan.ufms.br\/en\/wp-json\/wp\/v2\/posts\/3657\/revisions\/3660"}],"wp:featuredmedia":[{"embeddable":true,"href":"https:\/\/ppgecpan.ufms.br\/en\/wp-json\/wp\/v2\/media\/1596"}],"wp:attachment":[{"href":"https:\/\/ppgecpan.ufms.br\/en\/wp-json\/wp\/v2\/media?parent=3657"}],"wp:term":[{"taxonomy":"category","embeddable":true,"href":"https:\/\/ppgecpan.ufms.br\/en\/wp-json\/wp\/v2\/categories?post=3657"},{"taxonomy":"post_tag","embeddable":true,"href":"https:\/\/ppgecpan.ufms.br\/en\/wp-json\/wp\/v2\/tags?post=3657"},{"taxonomy":"author","embeddable":true,"href":"https:\/\/ppgecpan.ufms.br\/en\/wp-json\/wp\/v2\/coauthors?post=3657"}],"curies":[{"name":"wp","href":"https:\/\/api.w.org\/{rel}","templated":true}]}}