{"id":3706,"date":"2019-02-25T08:48:53","date_gmt":"2019-02-25T12:48:53","guid":{"rendered":"https:\/\/ppgecpan.ufms.br\/?p=3706"},"modified":"2019-02-25T08:48:53","modified_gmt":"2019-02-25T12:48:53","slug":"ana-maria-correa-silva-atuacao-profissional-relacoes-de-genero-e-divisao-sexual-do-trabalho-representacoes-sociais-de-mulheres-que-ultrapassaram-o-teto-de-vidro-e-assumiram-funco","status":"publish","type":"post","link":"https:\/\/ppgecpan.ufms.br\/en\/ana-maria-correa-silva-atuacao-profissional-relacoes-de-genero-e-divisao-sexual-do-trabalho-representacoes-sociais-de-mulheres-que-ultrapassaram-o-teto-de-vidro-e-assumiram-funco\/","title":{"rendered":"(Portugu\u00eas do Brasil) ANA MARIA CORREA SILVA &#8211; Atua\u00e7\u00e3o Profissional, Rela\u00e7\u00f5es De G\u00eanero e Divis\u00e3o Sexual do Trabalho: Representa\u00e7\u00f5es Sociais de Mulheres que Ultrapassaram o \u201cTeto de Vidro\u201d e Assumiram Fun\u00e7\u00f5es de Alto N\u00edvel em \u00c2mbito Educacional."},"content":{"rendered":"<p class=\"qtranxs-available-languages-message qtranxs-available-languages-message-en\">Sorry, this entry is only available in <a href=\"https:\/\/ppgecpan.ufms.br\/pb\/wp-json\/wp\/v2\/posts\/3706\" class=\"qtranxs-available-language-link qtranxs-available-language-link-pb\" title=\"Portugu\u00eas do Brasil\">Portugu\u00eas do Brasil<\/a>.<\/p>","protected":false},"excerpt":{"rendered":"<p>Sorry, this entry is only available in Portugu\u00eas do Brasil.<\/p>\n","protected":false},"author":28260,"featured_media":1621,"comment_status":"closed","ping_status":"open","sticky":false,"template":"","format":"standard","meta":{"footnotes":""},"categories":[64,8],"tags":[],"coauthors":[],"class_list":["post-3706","post","type-post","status-publish","format-standard","has-post-thumbnail","hentry","category-2018-2015-2018","category-dissertacoes"],"_links":{"self":[{"href":"https:\/\/ppgecpan.ufms.br\/en\/wp-json\/wp\/v2\/posts\/3706","targetHints":{"allow":["GET"]}}],"collection":[{"href":"https:\/\/ppgecpan.ufms.br\/en\/wp-json\/wp\/v2\/posts"}],"about":[{"href":"https:\/\/ppgecpan.ufms.br\/en\/wp-json\/wp\/v2\/types\/post"}],"author":[{"embeddable":true,"href":"https:\/\/ppgecpan.ufms.br\/en\/wp-json\/wp\/v2\/users\/28260"}],"replies":[{"embeddable":true,"href":"https:\/\/ppgecpan.ufms.br\/en\/wp-json\/wp\/v2\/comments?post=3706"}],"version-history":[{"count":2,"href":"https:\/\/ppgecpan.ufms.br\/en\/wp-json\/wp\/v2\/posts\/3706\/revisions"}],"predecessor-version":[{"id":3709,"href":"https:\/\/ppgecpan.ufms.br\/en\/wp-json\/wp\/v2\/posts\/3706\/revisions\/3709"}],"wp:featuredmedia":[{"embeddable":true,"href":"https:\/\/ppgecpan.ufms.br\/en\/wp-json\/wp\/v2\/media\/1621"}],"wp:attachment":[{"href":"https:\/\/ppgecpan.ufms.br\/en\/wp-json\/wp\/v2\/media?parent=3706"}],"wp:term":[{"taxonomy":"category","embeddable":true,"href":"https:\/\/ppgecpan.ufms.br\/en\/wp-json\/wp\/v2\/categories?post=3706"},{"taxonomy":"post_tag","embeddable":true,"href":"https:\/\/ppgecpan.ufms.br\/en\/wp-json\/wp\/v2\/tags?post=3706"},{"taxonomy":"author","embeddable":true,"href":"https:\/\/ppgecpan.ufms.br\/en\/wp-json\/wp\/v2\/coauthors?post=3706"}],"curies":[{"name":"wp","href":"https:\/\/api.w.org\/{rel}","templated":true}]}}