{"id":4016,"date":"2019-07-07T09:39:06","date_gmt":"2019-07-07T13:39:06","guid":{"rendered":"https:\/\/ppgecpan.ufms.br\/?p=4016"},"modified":"2019-07-07T09:39:06","modified_gmt":"2019-07-07T13:39:06","slug":"ii-seminario-redefinicoes-das-fronteiras-entre-o-publico-e-o-privado-implicacoes-para-democratizacao-da-educacao","status":"publish","type":"post","link":"https:\/\/ppgecpan.ufms.br\/en\/ii-seminario-redefinicoes-das-fronteiras-entre-o-publico-e-o-privado-implicacoes-para-democratizacao-da-educacao\/","title":{"rendered":"(Portugu\u00eas do Brasil) II Semin\u00e1rio Redefini\u00e7\u00f5es das fronteiras entre o p\u00fablico e o privado: implica\u00e7\u00f5es para a democratiza\u00e7\u00e3o da educa\u00e7\u00e3o"},"content":{"rendered":"<p class=\"qtranxs-available-languages-message qtranxs-available-languages-message-en\">Sorry, this entry is only available in <a href=\"https:\/\/ppgecpan.ufms.br\/pb\/wp-json\/wp\/v2\/posts\/4016\" class=\"qtranxs-available-language-link qtranxs-available-language-link-pb\" title=\"Portugu\u00eas do Brasil\">Portugu\u00eas do Brasil<\/a>.<\/p>","protected":false},"excerpt":{"rendered":"<p>Sorry, this entry is only available in Portugu\u00eas do Brasil.<\/p>\n","protected":false},"author":2660,"featured_media":4017,"comment_status":"closed","ping_status":"open","sticky":false,"template":"","format":"standard","meta":{"footnotes":""},"categories":[39,1],"tags":[],"coauthors":[],"class_list":["post-4016","post","type-post","status-publish","format-standard","has-post-thumbnail","hentry","category-eventos-externos","category-noticias"],"_links":{"self":[{"href":"https:\/\/ppgecpan.ufms.br\/en\/wp-json\/wp\/v2\/posts\/4016","targetHints":{"allow":["GET"]}}],"collection":[{"href":"https:\/\/ppgecpan.ufms.br\/en\/wp-json\/wp\/v2\/posts"}],"about":[{"href":"https:\/\/ppgecpan.ufms.br\/en\/wp-json\/wp\/v2\/types\/post"}],"author":[{"embeddable":true,"href":"https:\/\/ppgecpan.ufms.br\/en\/wp-json\/wp\/v2\/users\/2660"}],"replies":[{"embeddable":true,"href":"https:\/\/ppgecpan.ufms.br\/en\/wp-json\/wp\/v2\/comments?post=4016"}],"version-history":[{"count":1,"href":"https:\/\/ppgecpan.ufms.br\/en\/wp-json\/wp\/v2\/posts\/4016\/revisions"}],"predecessor-version":[{"id":4018,"href":"https:\/\/ppgecpan.ufms.br\/en\/wp-json\/wp\/v2\/posts\/4016\/revisions\/4018"}],"wp:featuredmedia":[{"embeddable":true,"href":"https:\/\/ppgecpan.ufms.br\/en\/wp-json\/wp\/v2\/media\/4017"}],"wp:attachment":[{"href":"https:\/\/ppgecpan.ufms.br\/en\/wp-json\/wp\/v2\/media?parent=4016"}],"wp:term":[{"taxonomy":"category","embeddable":true,"href":"https:\/\/ppgecpan.ufms.br\/en\/wp-json\/wp\/v2\/categories?post=4016"},{"taxonomy":"post_tag","embeddable":true,"href":"https:\/\/ppgecpan.ufms.br\/en\/wp-json\/wp\/v2\/tags?post=4016"},{"taxonomy":"author","embeddable":true,"href":"https:\/\/ppgecpan.ufms.br\/en\/wp-json\/wp\/v2\/coauthors?post=4016"}],"curies":[{"name":"wp","href":"https:\/\/api.w.org\/{rel}","templated":true}]}}