{"id":4647,"date":"2020-09-24T10:05:48","date_gmt":"2020-09-24T14:05:48","guid":{"rendered":"https:\/\/ppgecpan.ufms.br\/?p=4647"},"modified":"2020-09-25T16:31:11","modified_gmt":"2020-09-25T20:31:11","slug":"ana-paula-escossia-barbosa-de-souza-pereira-inclusao-de-estudantes-publico-alvo-da-educacao-especial-na-educacao-superior-analise-dos-indicadores-educacionais-e-acoes-da-universidade-federal-de-mat","status":"publish","type":"post","link":"https:\/\/ppgecpan.ufms.br\/en\/ana-paula-escossia-barbosa-de-souza-pereira-inclusao-de-estudantes-publico-alvo-da-educacao-especial-na-educacao-superior-analise-dos-indicadores-educacionais-e-acoes-da-universidade-federal-de-mat\/","title":{"rendered":"(Portugu\u00eas do Brasil) ANA PAULA ESCOSSIA BARBOSA DE SOUZA PEREIRA &#8211; Inclus\u00e3o de Estudantes P\u00fablico-Alvo da Educa\u00e7\u00e3o Especial na Educa\u00e7\u00e3o Superior: An\u00e1lise dos Indicadores Educacionais e A\u00e7\u00f5es da Universidade Federal de Mato Grosso Do Sul\/Campus do Pantanal"},"content":{"rendered":"<p class=\"qtranxs-available-languages-message qtranxs-available-languages-message-en\">Sorry, this entry is only available in <a href=\"https:\/\/ppgecpan.ufms.br\/pb\/wp-json\/wp\/v2\/posts\/4647\" class=\"qtranxs-available-language-link qtranxs-available-language-link-pb\" title=\"Portugu\u00eas do Brasil\">Portugu\u00eas do Brasil<\/a>.<\/p>","protected":false},"excerpt":{"rendered":"<p>Sorry, this entry is only available in Portugu\u00eas do Brasil.<\/p>\n","protected":false},"author":28260,"featured_media":3789,"comment_status":"closed","ping_status":"open","sticky":false,"template":"","format":"standard","meta":{"footnotes":""},"categories":[69,8],"tags":[],"coauthors":[],"class_list":["post-4647","post","type-post","status-publish","format-standard","has-post-thumbnail","hentry","category-69","category-dissertacoes"],"_links":{"self":[{"href":"https:\/\/ppgecpan.ufms.br\/en\/wp-json\/wp\/v2\/posts\/4647","targetHints":{"allow":["GET"]}}],"collection":[{"href":"https:\/\/ppgecpan.ufms.br\/en\/wp-json\/wp\/v2\/posts"}],"about":[{"href":"https:\/\/ppgecpan.ufms.br\/en\/wp-json\/wp\/v2\/types\/post"}],"author":[{"embeddable":true,"href":"https:\/\/ppgecpan.ufms.br\/en\/wp-json\/wp\/v2\/users\/28260"}],"replies":[{"embeddable":true,"href":"https:\/\/ppgecpan.ufms.br\/en\/wp-json\/wp\/v2\/comments?post=4647"}],"version-history":[{"count":2,"href":"https:\/\/ppgecpan.ufms.br\/en\/wp-json\/wp\/v2\/posts\/4647\/revisions"}],"predecessor-version":[{"id":4653,"href":"https:\/\/ppgecpan.ufms.br\/en\/wp-json\/wp\/v2\/posts\/4647\/revisions\/4653"}],"wp:featuredmedia":[{"embeddable":true,"href":"https:\/\/ppgecpan.ufms.br\/en\/wp-json\/wp\/v2\/media\/3789"}],"wp:attachment":[{"href":"https:\/\/ppgecpan.ufms.br\/en\/wp-json\/wp\/v2\/media?parent=4647"}],"wp:term":[{"taxonomy":"category","embeddable":true,"href":"https:\/\/ppgecpan.ufms.br\/en\/wp-json\/wp\/v2\/categories?post=4647"},{"taxonomy":"post_tag","embeddable":true,"href":"https:\/\/ppgecpan.ufms.br\/en\/wp-json\/wp\/v2\/tags?post=4647"},{"taxonomy":"author","embeddable":true,"href":"https:\/\/ppgecpan.ufms.br\/en\/wp-json\/wp\/v2\/coauthors?post=4647"}],"curies":[{"name":"wp","href":"https:\/\/api.w.org\/{rel}","templated":true}]}}