{"id":4650,"date":"2020-09-25T16:30:00","date_gmt":"2020-09-25T20:30:00","guid":{"rendered":"https:\/\/ppgecpan.ufms.br\/?p=4650"},"modified":"2020-09-25T16:30:00","modified_gmt":"2020-09-25T20:30:00","slug":"sandra-regina-rocha-de-lima-educacao-sexual-gravidez-na-adolescencia-e-relacoes-de-genero-vozes-de-maes-e-pais-adolescentes-de-ladario-ms","status":"publish","type":"post","link":"https:\/\/ppgecpan.ufms.br\/en\/sandra-regina-rocha-de-lima-educacao-sexual-gravidez-na-adolescencia-e-relacoes-de-genero-vozes-de-maes-e-pais-adolescentes-de-ladario-ms\/","title":{"rendered":"(Portugu\u00eas do Brasil) SANDRA REGINA ROCHA DE LIMA &#8211; Educa\u00e7\u00e3o Sexual, Gravidez na Adolesc\u00eancia e Rela\u00e7\u00f5es de G\u00eanero: Vozes de M\u00e3es e Pais Adolescentes de Lad\u00e1rio\/MS"},"content":{"rendered":"<p class=\"qtranxs-available-languages-message qtranxs-available-languages-message-en\">Sorry, this entry is only available in <a href=\"https:\/\/ppgecpan.ufms.br\/pb\/wp-json\/wp\/v2\/posts\/4650\" class=\"qtranxs-available-language-link qtranxs-available-language-link-pb\" title=\"Portugu\u00eas do Brasil\">Portugu\u00eas do Brasil<\/a>.<\/p>","protected":false},"excerpt":{"rendered":"<p>Sorry, this entry is only available in Portugu\u00eas do Brasil.<\/p>\n","protected":false},"author":28260,"featured_media":3788,"comment_status":"closed","ping_status":"open","sticky":false,"template":"","format":"standard","meta":{"footnotes":""},"categories":[69,8],"tags":[],"coauthors":[],"class_list":["post-4650","post","type-post","status-publish","format-standard","has-post-thumbnail","hentry","category-69","category-dissertacoes"],"_links":{"self":[{"href":"https:\/\/ppgecpan.ufms.br\/en\/wp-json\/wp\/v2\/posts\/4650","targetHints":{"allow":["GET"]}}],"collection":[{"href":"https:\/\/ppgecpan.ufms.br\/en\/wp-json\/wp\/v2\/posts"}],"about":[{"href":"https:\/\/ppgecpan.ufms.br\/en\/wp-json\/wp\/v2\/types\/post"}],"author":[{"embeddable":true,"href":"https:\/\/ppgecpan.ufms.br\/en\/wp-json\/wp\/v2\/users\/28260"}],"replies":[{"embeddable":true,"href":"https:\/\/ppgecpan.ufms.br\/en\/wp-json\/wp\/v2\/comments?post=4650"}],"version-history":[{"count":1,"href":"https:\/\/ppgecpan.ufms.br\/en\/wp-json\/wp\/v2\/posts\/4650\/revisions"}],"predecessor-version":[{"id":4652,"href":"https:\/\/ppgecpan.ufms.br\/en\/wp-json\/wp\/v2\/posts\/4650\/revisions\/4652"}],"wp:featuredmedia":[{"embeddable":true,"href":"https:\/\/ppgecpan.ufms.br\/en\/wp-json\/wp\/v2\/media\/3788"}],"wp:attachment":[{"href":"https:\/\/ppgecpan.ufms.br\/en\/wp-json\/wp\/v2\/media?parent=4650"}],"wp:term":[{"taxonomy":"category","embeddable":true,"href":"https:\/\/ppgecpan.ufms.br\/en\/wp-json\/wp\/v2\/categories?post=4650"},{"taxonomy":"post_tag","embeddable":true,"href":"https:\/\/ppgecpan.ufms.br\/en\/wp-json\/wp\/v2\/tags?post=4650"},{"taxonomy":"author","embeddable":true,"href":"https:\/\/ppgecpan.ufms.br\/en\/wp-json\/wp\/v2\/coauthors?post=4650"}],"curies":[{"name":"wp","href":"https:\/\/api.w.org\/{rel}","templated":true}]}}