{"id":4819,"date":"2020-11-16T14:27:30","date_gmt":"2020-11-16T18:27:30","guid":{"rendered":"https:\/\/ppgecpan.ufms.br\/?p=4819"},"modified":"2025-05-29T10:59:35","modified_gmt":"2025-05-29T14:59:35","slug":"capitulos-de-livro","status":"publish","type":"post","link":"https:\/\/ppgecpan.ufms.br\/en\/capitulos-de-livro\/","title":{"rendered":"Cap\u00edtulos de Livro"},"content":{"rendered":"<div class=\"panel-group\" id=\"custom-collapse-13\"><br class=\"nc\" \/><div class=\"panel panel-default\">\n\t\t\t\t<div class=\"panel-heading\">\n\t\t\t\t\t<h4 class=\"panel-title\">\n\t\t\t\t\t\t<a class=\"collapsed\" data-toggle=\"collapse\" data-parent=\"#custom-collapse-13\" href=\"#custom-collapse-13-13\">CAP\u00cdTULOS DE LIVRO 2021<\/a>\n\t\t\t\t\t<\/h4>\n\t\t\t\t<\/div>\n\t\t\t\t<div id=\"custom-collapse-13-13\" class=\"panel-collapse collapse\">\n\t\t\t\t\t<div class=\"panel-body\">\n<p><br class=\"nc\" \/><\/div>\n\t\t\t\t<\/div>\n\t\t\t<\/div><br class=\"nc\" \/><\/div>\n<div class=\"panel-group\" id=\"custom-collapse-14\"><br class=\"nc\" \/><div class=\"panel panel-default\">\n\t\t\t\t<div class=\"panel-heading\">\n\t\t\t\t\t<h4 class=\"panel-title\">\n\t\t\t\t\t\t<a class=\"collapsed\" data-toggle=\"collapse\" data-parent=\"#custom-collapse-14\" href=\"#custom-collapse-14-14\">CAP\u00cdTULOS DE LIVRO 2020<\/a>\n\t\t\t\t\t<\/h4>\n\t\t\t\t<\/div>\n\t\t\t\t<div id=\"custom-collapse-14-14\" class=\"panel-collapse collapse\">\n\t\t\t\t\t<div class=\"panel-body\">\n<table style=\"width: 100%;border-collapse: collapse;border-style: solid\" border=\"1\">\n<tbody>\n<tr style=\"height: 24px\">\n<td style=\"width: 50%;text-align: center;height: 24px;border-style: solid\"><strong>T\u00edtulo\u00a0<\/strong><\/td>\n<td style=\"width: 50%;text-align: center;height: 24px;border-style: solid\"><strong>Autor<\/strong><\/td>\n<\/tr>\n<tr>\n<td style=\"width: 50%;border-style: solid\">A CONSTRU\u00c7\u00c3O DA AGENDA INTERNACIONAL PARA A EDUCA\u00c7\u00c3O E A PRIORIDADE SOBRE A QUALIDADE.<\/td>\n<td style=\"width: 50%;border-style: solid\"><b>SANTOS, FABIANO ANTONIO<\/b>; SILVA, C. C. ; GUSSULE, E. ; SANTOS, R. A<\/td>\n<\/tr>\n<tr style=\"height: 24px\">\n<td style=\"width: 50%;height: 24px;border-style: solid\">Organiza\u00e7\u00e3o do atendimento educacional para alunos da educa\u00e7\u00e3o especial em Mato Grosso do Sul.<\/td>\n<td style=\"width: 50%;height: 24px;border-style: solid\">KASSAR, M.C.M. ;\u00a0NERES, C. C.\u00a0;\u00a0CORREA, N. M.\u00a0;\u00a0REBELO, A. S<\/td>\n<\/tr>\n<tr style=\"height: 24px\">\n<td style=\"width: 50%;height: 24px;border-style: solid\">A VIOL\u00caNCIA CONTRA PROFESSORES NO AMBIENTE ESCOLAR COMO VIOLA\u00c7\u00c3O AOS DIREITOS HUMANOS.<\/td>\n<td style=\"width: 50%;height: 24px;border-style: solid\">Vasconcellos, Ailine Moreira Lehnhart de ;\u00a0FIGUEIREDO, VANESSA CATHERINA NEUMANN<\/td>\n<\/tr>\n<tr style=\"height: 24px\">\n<td style=\"width: 50%;height: 24px;border-style: solid\">SA\u00daDE MENTAL DE MILITARES NA FRONTEIRA BRASIL-BOL\u00cdVIA: UMA REVIS\u00c3O BIBLIOGR\u00c1FICA.<\/td>\n<td style=\"width: 50%;height: 24px;border-style: solid\">Berno, Isabela Faria ; Fran\u00e7a, J\u00falio Ricardo ;\u00a0FIGUEIREDO, VANESSA CATHERINA NEUMANN<\/td>\n<\/tr>\n<tr style=\"height: 24px\">\n<td style=\"width: 50%;height: 24px;border-style: solid\">A constru\u00e7\u00e3o dos poss\u00edveis cognitivos no contexto brasileiro: um estudo evolutivo.<\/td>\n<td style=\"width: 50%;height: 24px;border-style: solid\">Saravali, E. G.\u00a0;\u00a0MANO, A. M. P<b>.<\/b>\u00a0;\u00a0Guimar\u00e3es, T.\u00a0;\u00a0ORIANI, A. P.<\/td>\n<\/tr>\n<tr style=\"height: 24px\">\n<td style=\"width: 50%;height: 24px;border-style: solid\">Esporte e Cultura: quest\u00f5es relacionadas ao g\u00eanero e sexualidade.<\/td>\n<td style=\"width: 50%;height: 24px;border-style: solid\">RIZZO, D. T. S<b>.<\/b>; OLIVEIRA, L. C. D. ; MARIANO, E. R.<\/td>\n<\/tr>\n<tr style=\"height: 48px\">\n<td style=\"width: 50%;border-style: solid;height: 48px\">Brincando com Agripino: experi\u00eancias est\u00e9ticas e arte em uma creche de Corumb\u00e1\/MS.<\/td>\n<td style=\"width: 50%;border-style: solid;height: 48px\">ANDRADE, E. N. F.; MERCADO, A. C. A. ; FERREIRA, K. C. O<\/td>\n<\/tr>\n<tr style=\"height: 48px\">\n<td style=\"width: 50%;border-style: solid;height: 48px\">Movimentos Ambientalistas no Rio Grande do Sul: hist\u00f3ria e historiografia.<\/td>\n<td style=\"width: 50%;border-style: solid;height: 48px\">R\u00dcCKERT, F. Q<b>.<\/b>; PEREIRA, E. M.<\/td>\n<\/tr>\n<tr style=\"height: 24px\">\n<td style=\"width: 50%;border-style: solid;height: 24px\">Higiene P\u00fablica e salubridade urbana na Corumb\u00e1 Imperial.<\/td>\n<td style=\"width: 50%;border-style: solid;height: 24px\">R\u00dcCKERT, F. Q<b>.<\/b>; SENA, D. M<\/td>\n<\/tr>\n<tr style=\"height: 24px\">\n<td style=\"width: 50%;border-style: solid;height: 24px\">O sexo-curr\u00edculo de Lourival na era digital.<\/td>\n<td style=\"width: 50%;border-style: solid;height: 24px\">DUQUE, Tiago<\/td>\n<\/tr>\n<tr style=\"height: 24px\">\n<td style=\"width: 50%;border-style: solid;height: 24px\">O riso dos outros: humor, pol\u00edtica e m\u00eddias digitais.<\/td>\n<td style=\"width: 50%;border-style: solid;height: 24px\">PADILHA, F. ;\u00a0DUQUE, T.<\/td>\n<\/tr>\n<\/tbody>\n<\/table>\n<\/div>\n\t\t\t\t<\/div>\n\t\t\t<\/div><br class=\"nc\" \/><\/div>\n<div class=\"panel-group\" id=\"custom-collapse-15\"><br class=\"nc\" \/><div class=\"panel panel-default\">\n\t\t\t\t<div class=\"panel-heading\">\n\t\t\t\t\t<h4 class=\"panel-title\">\n\t\t\t\t\t\t<a class=\"collapsed\" data-toggle=\"collapse\" data-parent=\"#custom-collapse-15\" href=\"#custom-collapse-15-15\">CAP\u00cdTULOS DE LIVRO 2019<\/a>\n\t\t\t\t\t<\/h4>\n\t\t\t\t<\/div>\n\t\t\t\t<div id=\"custom-collapse-15-15\" class=\"panel-collapse collapse\">\n\t\t\t\t\t<div class=\"panel-body\">\n<table style=\"border-collapse: collapse;width: 100%\" border=\"1\">\n<tbody>\n<tr>\n<td style=\"width: 50%;text-align: center;border-style: solid\"><strong>T\u00edtulo\u00a0<\/strong><\/td>\n<td style=\"width: 50%;text-align: center;border-style: solid\"><strong>Autor<\/strong><\/td>\n<\/tr>\n<tr>\n<td style=\"width: 50%;border-style: solid\">EDUCA\u00c7\u00c3O E POBREZA: COMO OS GESTORES LIDAM COM ESSA QUEST\u00c3O?<\/td>\n<td style=\"width: 50%;border-style: solid\">RUIZ, A. T. ;\u00a0SANTOS, F. A.<\/td>\n<\/tr>\n<tr>\n<td style=\"width: 50%;border-style: solid\">\u00a0Tend\u00eancias e desafios da forma\u00e7\u00e3o de professores para o atendimento educacional especializado.<\/td>\n<td style=\"width: 50%;border-style: solid\">MARTINS, B. A. ;\u00a0REBELO, A. S.\u00a0;\u00a0KASSAR, M. C. M.<\/td>\n<\/tr>\n<tr>\n<td style=\"width: 50%;border-style: solid\">Educa\u00e7\u00e3o especial nas escolas do campo em um munic\u00edpio de Mato Grosso do Sul.<\/td>\n<td style=\"width: 50%;border-style: solid\">CORREA, R. A. R. ;\u00a0REBELO, A. S.<\/td>\n<\/tr>\n<tr>\n<td style=\"width: 50%;border-style: solid\">Reflex\u00f5es sobre g\u00eanero na perspectiva da educa\u00e7\u00e3o inclusiva: uma an\u00e1lise da produ\u00e7\u00e3o nacional stricto sensu.<\/td>\n<td style=\"width: 50%;border-style: solid\">OGEDA, C. M. M. ;\u00a0MARTINS, B. A.<\/td>\n<\/tr>\n<tr>\n<td style=\"width: 50%;border-style: solid\">Integra\u00e7\u00e3o\/inclus\u00e3o: desafios e contradi\u00e7\u00f5es.<\/td>\n<td style=\"width: 50%;border-style: solid\">KASSAR, M. C. M.<\/td>\n<\/tr>\n<tr>\n<td style=\"width: 50%;border-style: solid\">\u00a0Limites e possibilidades da educa\u00e7\u00e3o em sexualidade na perspectiva de futuros professores.<\/td>\n<td style=\"width: 50%;border-style: solid\">SANTOS, C. F. ;\u00a0MANO, A. M. P<\/td>\n<\/tr>\n<tr>\n<td style=\"width: 50%;border-style: solid\">Interven\u00e7\u00e3o pedag\u00f3gica com o tema sexualidade no ensino fundamental I: relato de uma experi\u00eancia.<\/td>\n<td style=\"width: 50%;border-style: solid\">KINAGE, J. P. M. ;\u00a0MANO, A. M. P.<\/td>\n<\/tr>\n<tr>\n<td style=\"width: 50%;border-style: solid\">Ensinar Ci\u00eancias no Ensino Fundamental: considera\u00e7\u00f5es sobre o ensino investigativo.<\/td>\n<td style=\"width: 50%;border-style: solid\">BLASZKO, C. E. ;\u00a0MANO, A. M. P.<\/td>\n<\/tr>\n<tr>\n<td style=\"width: 50%;border-style: solid\">Saberes necess\u00e1rios ao exerc\u00edcio da doc\u00eancia na creche.<\/td>\n<td style=\"width: 50%;border-style: solid\">RODRIGUES, S\u00edlvia Adriana<\/td>\n<\/tr>\n<tr>\n<td style=\"width: 50%;border-style: solid\">A doc\u00eancia na Educa\u00e7\u00e3o Infantil na percep\u00e7\u00e3o de acad\u00eamicos do curso de Pedagogia.<\/td>\n<td style=\"width: 50%;border-style: solid\">OLIVEIRA, I. A. ;\u00a0RODRIGUES, S\u00edlvia Adriana<\/td>\n<\/tr>\n<tr>\n<td style=\"width: 50%;border-style: solid\">Olhar de estudantes do curso de Pedagogia sobre ser professor na\/da Educa\u00e7\u00e3o Infantil.<\/td>\n<td style=\"width: 50%;border-style: solid\">RODRIGUES, S\u00edlvia Adriana;\u00a0GOMES, Alberto Albuquerque<\/td>\n<\/tr>\n<tr>\n<td style=\"width: 50%;border-style: solid\">Compreens\u00e3o sobre ser crian\u00e7a: entendimentos de acad\u00eamicos do curso de Pedagogia.<\/td>\n<td style=\"width: 50%;border-style: solid\">RODRIGUES, S\u00edlvia Adriana; SOUZA, D. B.<\/td>\n<\/tr>\n<tr>\n<td style=\"width: 50%;border-style: solid\">Brincar, brincadeiras, brinquedo: o que dizem os trabalhos apresentados na ANPED (1998-2017).<\/td>\n<td style=\"width: 50%;border-style: solid\">RODRIGUES, S\u00edlvia Adriana; OLIVEIRA, I. A.<\/td>\n<\/tr>\n<tr>\n<td style=\"width: 50%;border-style: solid\">Olhares sobre a pobreza e a urbaniza\u00e7\u00e3o no Brasil na transi\u00e7\u00e3o do s\u00e9culo XIX para o XX: uma prospec\u00e7\u00e3o bibliogr\u00e1fica.<\/td>\n<td style=\"width: 50%;border-style: solid\">R\u00dcCKERT, F. Q.<\/td>\n<\/tr>\n<tr>\n<td style=\"width: 50%;border-style: solid\">DESVENDANDO UM LUGAR NO TEATRO POR MEIO DO DANJURO: A T\u00c9CNICA A FAVOR DA ADOLESC\u00caNCIA.<\/td>\n<td style=\"width: 50%;border-style: solid\">Castro, Leonardo Augusto Madureira de ;\u00a0FERREIRA, ISABELLA FERNANDA<\/td>\n<\/tr>\n<tr>\n<td style=\"width: 50%;border-style: solid\">UMA REVIS\u00c3O DE LITERATURA SOBRE TEATRO NA EDUCA\u00c7\u00c3O E A PROBLEM\u00c1TICA DA IND\u00daSTRIA CULTURAL E DA SEMIFORMA\u00c7\u00c3O NAS PESQUISAS.<\/td>\n<td style=\"width: 50%;border-style: solid\">Castro, Leonardo Augusto Madureira de ;\u00a0FERREIRA, ISABELLA FERNANDA<\/td>\n<\/tr>\n<tr>\n<td style=\"width: 50%;border-style: solid\">\u00a0Inova\u00e7\u00e3o e conservadorismo na educa\u00e7\u00e3o brasileira.<\/td>\n<td style=\"width: 50%;border-style: solid\">MARIANO, J. L. M.; FERRO, E. G.<\/td>\n<\/tr>\n<tr>\n<td style=\"width: 50%;border-style: solid\">Da import\u00e2ncia de um corpo estranho e ris\u00edvel: In\u00eas Brasil, Forma\u00e7\u00e3o e das\/dos Professores e &#8216;ideologia de g\u00eanero&#8217;.<\/td>\n<td style=\"width: 50%;border-style: solid\">DUQUE, Tiago<\/td>\n<\/tr>\n<\/tbody>\n<\/table>\n<\/div>\n\t\t\t\t<\/div>\n\t\t\t<\/div><br class=\"nc\" \/><\/div>\n<div class=\"panel-group\" id=\"custom-collapse-16\"><br class=\"nc\" \/><div class=\"panel panel-default\">\n\t\t\t\t<div class=\"panel-heading\">\n\t\t\t\t\t<h4 class=\"panel-title\">\n\t\t\t\t\t\t<a class=\"collapsed\" data-toggle=\"collapse\" data-parent=\"#custom-collapse-16\" href=\"#custom-collapse-16-16\">CAP\u00cdTULOS DE LIVRO 2018<\/a>\n\t\t\t\t\t<\/h4>\n\t\t\t\t<\/div>\n\t\t\t\t<div id=\"custom-collapse-16-16\" class=\"panel-collapse collapse\">\n\t\t\t\t\t<div class=\"panel-body\">\n<table style=\"border-collapse: collapse;width: 100%\" border=\"1\">\n<tbody>\n<tr style=\"height: 24px\">\n<td style=\"width: 50%;text-align: center;height: 24px;border-style: solid\"><strong>T\u00edtulo\u00a0<\/strong><\/td>\n<td style=\"width: 50%;text-align: center;height: 24px;border-style: solid\"><strong>Autor<\/strong><\/td>\n<\/tr>\n<tr style=\"height: 48px\">\n<td style=\"width: 50%;height: 48px;border-style: solid\">Aspetos da forma\u00e7\u00e3o da pesquisa em educa\u00e7\u00e3o especial no Brasil.<\/td>\n<td style=\"width: 50%;height: 48px;border-style: solid\">KASSAR, M. C. M.\u00a0;\u00a0REBELO, A. S.<\/td>\n<\/tr>\n<tr style=\"height: 48px\">\n<td style=\"width: 50%;height: 48px;border-style: solid\">Organiza\u00e7\u00e3o do atendimento educacional para alunos da educa\u00e7\u00e3o especial em Mato Grosso do Sul.<\/td>\n<td style=\"width: 50%;height: 48px;border-style: solid\">KASSAR, M. C. M.\u00a0;\u00a0NERES, C. C.\u00a0;\u00a0CORREA, N. M.\u00a0;\u00a0REBELO, A. S<\/td>\n<\/tr>\n<tr style=\"height: 24px\">\n<td style=\"width: 50%;height: 24px;border-style: solid\">AS IMPLICA\u00c7\u00d5ES DAS AVALIA\u00c7\u00d5ES EM LARGA ESCALA SOBRE A ESCOLA E O TRABALHO PEDAG\u00d3GICO.<\/td>\n<td style=\"width: 50%;height: 24px;border-style: solid\">SANTOS, F. A.; FERREIRA, F. S. ; VILALVA, D. M.<\/td>\n<\/tr>\n<tr style=\"height: 24px\">\n<td style=\"width: 50%;height: 24px;border-style: solid\">Educa\u00e7\u00e3o especial\/inclusiva.<\/td>\n<td style=\"width: 50%;height: 24px;border-style: solid\">LACERDA, C. B. F.\u00a0;\u00a0KASSAR, M.C.M.<\/td>\n<\/tr>\n<tr style=\"height: 24px\">\n<td style=\"width: 50%;height: 24px;border-style: solid\">O que os estudantes pensam sobre as fases da Lua?.<\/td>\n<td style=\"width: 50%;height: 24px;border-style: solid\">MANO, A. M. P<b>.<\/b>;\u00a0Saravali, E. G.<\/td>\n<\/tr>\n<tr style=\"height: 24px\">\n<td style=\"width: 50%;height: 24px;border-style: solid\">Modos de estigmatiza\u00e7\u00e3o e resist\u00eancia da(s) crian\u00e7a(s) e da(s) inf\u00e2ncia(s) em &amp;quot;Pequena Miss Sunshine&amp;quot<\/td>\n<td style=\"width: 50%;height: 24px;border-style: solid\">SOUZA, D. B. ;\u00a0RODRIGUES, S\u00edlvia Adriana<\/td>\n<\/tr>\n<tr>\n<td style=\"width: 50%;border-style: solid\">Reflex\u00f5es sum\u00e1rias sobre as rela\u00e7\u00f5es entre m\u00eddia, inf\u00e2ncia e consumo.<\/td>\n<td style=\"width: 50%;border-style: solid\">OLIVEIRA, M. V. ;\u00a0RODRIGUES, S\u00edlvia Adriana<\/td>\n<\/tr>\n<tr>\n<td style=\"width: 50%;border-style: solid\">Reflex\u00f5es Pol\u00edtico-Te\u00f3ricas sobre In\u00eas Brasil.<\/td>\n<td style=\"width: 50%;border-style: solid\">DUQUE, Tiago<\/td>\n<\/tr>\n<tr>\n<td style=\"width: 50%;border-style: solid\"><\/td>\n<td style=\"width: 50%;border-style: solid\"><\/td>\n<\/tr>\n<\/tbody>\n<\/table>\n<\/div>\n\t\t\t\t<\/div>\n\t\t\t<\/div><br class=\"nc\" \/><\/div>\n<div class=\"panel-group\" id=\"custom-collapse-17\"><br class=\"nc\" \/><div class=\"panel panel-default\">\n\t\t\t\t<div class=\"panel-heading\">\n\t\t\t\t\t<h4 class=\"panel-title\">\n\t\t\t\t\t\t<a class=\"collapsed\" data-toggle=\"collapse\" data-parent=\"#custom-collapse-17\" href=\"#custom-collapse-17-17\">CAP\u00cdTULOS DE LIVRO 2017<\/a>\n\t\t\t\t\t<\/h4>\n\t\t\t\t<\/div>\n\t\t\t\t<div id=\"custom-collapse-17-17\" class=\"panel-collapse collapse\">\n\t\t\t\t\t<div class=\"panel-body\">\n<table style=\"border-collapse: collapse;width: 100%\" border=\"1\">\n<tbody>\n<tr style=\"height: 24px\">\n<td style=\"width: 50%;text-align: center;height: 24px;border-style: solid\"><strong>T\u00edtulo\u00a0<\/strong><\/td>\n<td style=\"width: 50%;text-align: center;height: 24px;border-style: solid\"><strong>Autor<\/strong><\/td>\n<\/tr>\n<tr style=\"height: 48px\">\n<td style=\"width: 50%;height: 48px;border-style: solid\">La institucionalizaci\u00f3n y articulaci\u00f3n de los cuidados en educaci\u00f3n especial en Brasil: el aula de recursos (1973-1985).<\/td>\n<td style=\"width: 50%;height: 48px;border-style: solid\">REBELO, A. S.<\/td>\n<\/tr>\n<tr style=\"height: 48px\">\n<td style=\"width: 50%;height: 48px;border-style: solid\">Escola regular ou escola especial? A escolha na vis\u00e3o de familiares de alunos com s\u00edndrome de down.<\/td>\n<td style=\"width: 50%;height: 48px;border-style: solid\">SILVA, S. M. S. ;\u00a0MARTINS, B. A.<\/td>\n<\/tr>\n<tr style=\"height: 48px\">\n<td style=\"width: 50%;height: 48px;border-style: solid\">El tel\u00e9fono m\u00f3vil como instrumento mediador en la inclusi\u00f3n educativa.<\/td>\n<td style=\"width: 50%;height: 48px;border-style: solid\">G\u00d3MEZ, P. H. ; CASTILLO, H. ;\u00a0DE CARVALHO,M.M.K<\/td>\n<\/tr>\n<tr style=\"height: 72px\">\n<td style=\"width: 50%;height: 72px;border-style: solid\">Reflex\u00f5es acerca do conceito de defici\u00eancia mental\/intelectual para o delineamento da popula\u00e7\u00e3o escolar brasileira para registro no Censo Escolar.<\/td>\n<td style=\"width: 50%;height: 72px;border-style: solid\">LEIJOTO, C.P. ; KASSAR, M. C. M.<\/td>\n<\/tr>\n<tr style=\"height: 24px\">\n<td style=\"width: 50%;height: 24px;border-style: solid\">AS VICISSITUDES DA EXPERI\u00caNCIA NO MUNDO DIGITAL.<\/td>\n<td style=\"width: 50%;height: 24px;border-style: solid\">FERREIRA, I. F<b>.<\/b>; ANTUNES, D. C. ; RIPA, R. ; PISANI, M. M<\/td>\n<\/tr>\n<tr style=\"height: 24px\">\n<td style=\"width: 50%;height: 24px;border-style: solid\">Paulo Freire: um educador popular.<\/td>\n<td style=\"width: 50%;height: 24px;border-style: solid\">MARIANO, J. L. M<b>.<\/b>; FERRO, E. G.<\/td>\n<\/tr>\n<tr>\n<td style=\"width: 50%;border-style: solid\">Paulo Freire, emancipa\u00e7\u00e3o das mulheres e a educa\u00e7\u00e3o libertadora.<\/td>\n<td style=\"width: 50%;border-style: solid\">RIBEIRO, A. I. M. ;\u00a0MARIANO, J. L. M<b>.<\/b>\u00a0; FERRO, E. G<\/td>\n<\/tr>\n<\/tbody>\n<\/table>\n<\/div>\n\t\t\t\t<\/div>\n\t\t\t<\/div><br class=\"nc\" \/><\/div>","protected":false},"excerpt":{"rendered":"","protected":false},"author":28260,"featured_media":0,"comment_status":"closed","ping_status":"open","sticky":false,"template":"","format":"standard","meta":{"footnotes":""},"categories":[72],"tags":[],"coauthors":[88],"class_list":["post-4819","post","type-post","status-publish","format-standard","hentry","category-producao-academica"],"_links":{"self":[{"href":"https:\/\/ppgecpan.ufms.br\/en\/wp-json\/wp\/v2\/posts\/4819","targetHints":{"allow":["GET"]}}],"collection":[{"href":"https:\/\/ppgecpan.ufms.br\/en\/wp-json\/wp\/v2\/posts"}],"about":[{"href":"https:\/\/ppgecpan.ufms.br\/en\/wp-json\/wp\/v2\/types\/post"}],"author":[{"embeddable":true,"href":"https:\/\/ppgecpan.ufms.br\/en\/wp-json\/wp\/v2\/users\/28260"}],"replies":[{"embeddable":true,"href":"https:\/\/ppgecpan.ufms.br\/en\/wp-json\/wp\/v2\/comments?post=4819"}],"version-history":[{"count":40,"href":"https:\/\/ppgecpan.ufms.br\/en\/wp-json\/wp\/v2\/posts\/4819\/revisions"}],"predecessor-version":[{"id":7532,"href":"https:\/\/ppgecpan.ufms.br\/en\/wp-json\/wp\/v2\/posts\/4819\/revisions\/7532"}],"wp:attachment":[{"href":"https:\/\/ppgecpan.ufms.br\/en\/wp-json\/wp\/v2\/media?parent=4819"}],"wp:term":[{"taxonomy":"category","embeddable":true,"href":"https:\/\/ppgecpan.ufms.br\/en\/wp-json\/wp\/v2\/categories?post=4819"},{"taxonomy":"post_tag","embeddable":true,"href":"https:\/\/ppgecpan.ufms.br\/en\/wp-json\/wp\/v2\/tags?post=4819"},{"taxonomy":"author","embeddable":true,"href":"https:\/\/ppgecpan.ufms.br\/en\/wp-json\/wp\/v2\/coauthors?post=4819"}],"curies":[{"name":"wp","href":"https:\/\/api.w.org\/{rel}","templated":true}]}}