{"id":4929,"date":"2021-02-13T08:57:55","date_gmt":"2021-02-13T12:57:55","guid":{"rendered":"https:\/\/ppgecpan.ufms.br\/?p=4929"},"modified":"2021-12-21T22:17:58","modified_gmt":"2021-12-22T02:17:58","slug":"processo-seletivo-2021-resultado-da-analise-das-inscricoes-enquadramento","status":"publish","type":"post","link":"https:\/\/ppgecpan.ufms.br\/en\/processo-seletivo-2021-resultado-da-analise-das-inscricoes-enquadramento\/","title":{"rendered":"Processo Seletivo 2021: Resultado da An\u00e1lise das Inscri\u00e7\u00f5es (enquadramento)"},"content":{"rendered":"<p>O Programa de P\u00f3s-Gradua\u00e7\u00e3o em Educa\u00e7\u00e3o do Campus do Pantanal por meio da Comiss\u00e3o de Sele\u00e7\u00e3o 2021, divulga a lista de inscri\u00e7\u00f5es deferidas e indeferidas.<\/p>\n<p>O Per\u00edodo de recurso para inscri\u00e7\u00f5es indeferidas se encerra \u00e0s 23h59min do dia 19\/02\/2021 (Hor\u00e1rio do Mato Grosso do Sul). Os pedidos devem ser enviados para o e-mail: <a href=\"mailto:selecao.ppge.cpan@gmail.com\"><strong>selecao.ppge.cpan@gmail.com<\/strong><\/a><strong>, <\/strong>usando o formul\u00e1rio que consta no ANEXO IV do <strong><a href=\"https:\/\/ppgecpan.ufms.br\/files\/2020\/12\/Edital-Educacao-CPAN_13-de-dezembro-publicar.pdf\">Edital de Sele\u00e7\u00e3o n\u00ba 13\/2020.<\/a><\/strong><\/p>\n<p>O resultado est\u00e1 listado conforme n\u00famero do protocolo de inscri\u00e7\u00e3o. Caso n\u00e3o saiba qual seu protocolo, basta acessar sua \u00e1rea de inscri\u00e7\u00e3o.<\/p>\n<p>Ressaltamos ainda, que devido \u00e0 queda da rede de internet no munic\u00edpio de Corumb\u00e1, n\u00e3o foi poss\u00edvel esta publica\u00e7\u00e3o na data de ontem (12.02).<\/p>\n<p><a href=\"https:\/\/ppgecpan.ufms.br\/files\/2021\/03\/LISTA-FINAL_INSCRI\u00c7\u00d5ES-DEFERIDAS-atualizada2.pdf\" target=\"_blank\" rel=\"noopener noreferrer\"><span class=\"glyphicon glyphicon-arrow-right\"><\/span>CONFIRA O RESULTADO CLICANDO AQUI<\/a><\/p>\n<p><a href=\"https:\/\/ppgecpan.ufms.br\/files\/2021\/02\/ANEXO-IV-formulario-recurso.docx\">FOMUL\u00c1RIO PARA RECURSO EM WORD<\/a><\/p>\n","protected":false},"excerpt":{"rendered":"<p>O Programa de P\u00f3s-Gradua\u00e7\u00e3o em Educa\u00e7\u00e3o do Campus do Pantanal por meio da Comiss\u00e3o de Sele\u00e7\u00e3o 2021, divulga a lista de inscri\u00e7\u00f5es deferidas e indeferidas. O Per\u00edodo de recurso para inscri\u00e7\u00f5es indeferidas se encerra \u00e0s 23h59min do dia 19\/02\/2021 (Hor\u00e1rio do Mato Grosso do Sul). Os pedidos devem ser enviados para o e-mail: selecao.ppge.cpan@gmail.com, usando [&hellip;]<\/p>\n","protected":false},"author":28260,"featured_media":3318,"comment_status":"closed","ping_status":"open","sticky":false,"template":"","format":"standard","meta":{"footnotes":""},"categories":[17,1,57],"tags":[],"coauthors":[],"class_list":["post-4929","post","type-post","status-publish","format-standard","has-post-thumbnail","hentry","category-destaques","category-noticias","category-processos-seletivos-noticias"],"_links":{"self":[{"href":"https:\/\/ppgecpan.ufms.br\/en\/wp-json\/wp\/v2\/posts\/4929","targetHints":{"allow":["GET"]}}],"collection":[{"href":"https:\/\/ppgecpan.ufms.br\/en\/wp-json\/wp\/v2\/posts"}],"about":[{"href":"https:\/\/ppgecpan.ufms.br\/en\/wp-json\/wp\/v2\/types\/post"}],"author":[{"embeddable":true,"href":"https:\/\/ppgecpan.ufms.br\/en\/wp-json\/wp\/v2\/users\/28260"}],"replies":[{"embeddable":true,"href":"https:\/\/ppgecpan.ufms.br\/en\/wp-json\/wp\/v2\/comments?post=4929"}],"version-history":[{"count":11,"href":"https:\/\/ppgecpan.ufms.br\/en\/wp-json\/wp\/v2\/posts\/4929\/revisions"}],"predecessor-version":[{"id":5507,"href":"https:\/\/ppgecpan.ufms.br\/en\/wp-json\/wp\/v2\/posts\/4929\/revisions\/5507"}],"wp:featuredmedia":[{"embeddable":true,"href":"https:\/\/ppgecpan.ufms.br\/en\/wp-json\/wp\/v2\/media\/3318"}],"wp:attachment":[{"href":"https:\/\/ppgecpan.ufms.br\/en\/wp-json\/wp\/v2\/media?parent=4929"}],"wp:term":[{"taxonomy":"category","embeddable":true,"href":"https:\/\/ppgecpan.ufms.br\/en\/wp-json\/wp\/v2\/categories?post=4929"},{"taxonomy":"post_tag","embeddable":true,"href":"https:\/\/ppgecpan.ufms.br\/en\/wp-json\/wp\/v2\/tags?post=4929"},{"taxonomy":"author","embeddable":true,"href":"https:\/\/ppgecpan.ufms.br\/en\/wp-json\/wp\/v2\/coauthors?post=4929"}],"curies":[{"name":"wp","href":"https:\/\/api.w.org\/{rel}","templated":true}]}}