{"id":508,"date":"2013-09-19T15:16:16","date_gmt":"2013-09-19T19:16:16","guid":{"rendered":"http:\/\/ppgecpan.draconis.ufms.br\/?p=508"},"modified":"2016-02-19T16:01:30","modified_gmt":"2016-02-19T20:01:30","slug":"inscricoes-mestrado-prorrogadas","status":"publish","type":"post","link":"https:\/\/ppgecpan.ufms.br\/en\/inscricoes-mestrado-prorrogadas\/","title":{"rendered":"Inscri\u00e7\u00f5es Mestrado Prorrogadas"},"content":{"rendered":"<p>Em virtude da greve dos correios, fica adiado o prazo final para inscri\u00e7\u00f5es do processo seletivo de mestrado 2014. As novas datas s\u00e3o: envio da documenta\u00e7\u00e3o at\u00e9 dia 27\/09. Divulga\u00e7\u00e3o da homologa\u00e7\u00e3o das inscri\u00e7\u00f5es 01\/10. As demais datas ficam mantidas como divulgadas no edital de abertura do processo seletivo. Maiores informa\u00e7\u00f5es acessar o portal da p\u00f3s-gradua\u00e7\u00e3o da UFMS e conferir o edital de retifica\u00e7\u00e3o.<\/p>\n","protected":false},"excerpt":{"rendered":"<p>Em virtude da greve dos correios, fica adiado o prazo final para inscri\u00e7\u00f5es do processo seletivo de mestrado 2014. As novas datas s\u00e3o: envio da documenta\u00e7\u00e3o at\u00e9 dia 27\/09. Divulga\u00e7\u00e3o da homologa\u00e7\u00e3o das inscri\u00e7\u00f5es 01\/10. As demais datas ficam mantidas como divulgadas no edital de abertura do processo seletivo. Maiores informa\u00e7\u00f5es acessar o portal da [&hellip;]<\/p>\n","protected":false},"author":18799,"featured_media":108,"comment_status":"closed","ping_status":"open","sticky":false,"template":"","format":"standard","meta":{"footnotes":""},"categories":[1],"tags":[],"coauthors":[],"class_list":["post-508","post","type-post","status-publish","format-standard","has-post-thumbnail","hentry","category-noticias"],"_links":{"self":[{"href":"https:\/\/ppgecpan.ufms.br\/en\/wp-json\/wp\/v2\/posts\/508","targetHints":{"allow":["GET"]}}],"collection":[{"href":"https:\/\/ppgecpan.ufms.br\/en\/wp-json\/wp\/v2\/posts"}],"about":[{"href":"https:\/\/ppgecpan.ufms.br\/en\/wp-json\/wp\/v2\/types\/post"}],"author":[{"embeddable":true,"href":"https:\/\/ppgecpan.ufms.br\/en\/wp-json\/wp\/v2\/users\/18799"}],"replies":[{"embeddable":true,"href":"https:\/\/ppgecpan.ufms.br\/en\/wp-json\/wp\/v2\/comments?post=508"}],"version-history":[{"count":4,"href":"https:\/\/ppgecpan.ufms.br\/en\/wp-json\/wp\/v2\/posts\/508\/revisions"}],"predecessor-version":[{"id":1467,"href":"https:\/\/ppgecpan.ufms.br\/en\/wp-json\/wp\/v2\/posts\/508\/revisions\/1467"}],"wp:featuredmedia":[{"embeddable":true,"href":"https:\/\/ppgecpan.ufms.br\/en\/wp-json\/wp\/v2\/media\/108"}],"wp:attachment":[{"href":"https:\/\/ppgecpan.ufms.br\/en\/wp-json\/wp\/v2\/media?parent=508"}],"wp:term":[{"taxonomy":"category","embeddable":true,"href":"https:\/\/ppgecpan.ufms.br\/en\/wp-json\/wp\/v2\/categories?post=508"},{"taxonomy":"post_tag","embeddable":true,"href":"https:\/\/ppgecpan.ufms.br\/en\/wp-json\/wp\/v2\/tags?post=508"},{"taxonomy":"author","embeddable":true,"href":"https:\/\/ppgecpan.ufms.br\/en\/wp-json\/wp\/v2\/coauthors?post=508"}],"curies":[{"name":"wp","href":"https:\/\/api.w.org\/{rel}","templated":true}]}}