{"id":5115,"date":"2021-07-27T16:43:43","date_gmt":"2021-07-27T20:43:43","guid":{"rendered":"https:\/\/ppgecpan.ufms.br\/?p=5115"},"modified":"2021-07-27T16:43:43","modified_gmt":"2021-07-27T20:43:43","slug":"carlos-roberto-de-oliveira-lima-as-percepcoes-dos-discentes-surdos-sobre-o-ensino-superior-no-ambito-da-universidade-federal-de-mato-grosso-do-sul-entre-o-pessoal-e-o-institucional","status":"publish","type":"post","link":"https:\/\/ppgecpan.ufms.br\/en\/carlos-roberto-de-oliveira-lima-as-percepcoes-dos-discentes-surdos-sobre-o-ensino-superior-no-ambito-da-universidade-federal-de-mato-grosso-do-sul-entre-o-pessoal-e-o-institucional\/","title":{"rendered":"(Portugu\u00eas do Brasil) CARLOS ROBERTO DE OLIVEIRA LIMA &#8211; As Percep\u00e7\u00f5es dos Discentes Surdos Sobre o Ensino Superior no \u00c2mbito da Universidade Federal de Mato Grosso do Sul: Entre o Pessoal e o Institucional"},"content":{"rendered":"<p class=\"qtranxs-available-languages-message qtranxs-available-languages-message-en\">Sorry, this entry is only available in <a href=\"https:\/\/ppgecpan.ufms.br\/pb\/wp-json\/wp\/v2\/posts\/5115\" class=\"qtranxs-available-language-link qtranxs-available-language-link-pb\" title=\"Portugu\u00eas do Brasil\">Portugu\u00eas do Brasil<\/a>.<\/p>","protected":false},"excerpt":{"rendered":"<p>Sorry, this entry is only available in Portugu\u00eas do Brasil.<\/p>\n","protected":false},"author":28260,"featured_media":5117,"comment_status":"closed","ping_status":"open","sticky":false,"template":"","format":"standard","meta":{"footnotes":""},"categories":[76,8],"tags":[],"coauthors":[],"class_list":["post-5115","post","type-post","status-publish","format-standard","has-post-thumbnail","hentry","category-76","category-dissertacoes"],"_links":{"self":[{"href":"https:\/\/ppgecpan.ufms.br\/en\/wp-json\/wp\/v2\/posts\/5115","targetHints":{"allow":["GET"]}}],"collection":[{"href":"https:\/\/ppgecpan.ufms.br\/en\/wp-json\/wp\/v2\/posts"}],"about":[{"href":"https:\/\/ppgecpan.ufms.br\/en\/wp-json\/wp\/v2\/types\/post"}],"author":[{"embeddable":true,"href":"https:\/\/ppgecpan.ufms.br\/en\/wp-json\/wp\/v2\/users\/28260"}],"replies":[{"embeddable":true,"href":"https:\/\/ppgecpan.ufms.br\/en\/wp-json\/wp\/v2\/comments?post=5115"}],"version-history":[{"count":1,"href":"https:\/\/ppgecpan.ufms.br\/en\/wp-json\/wp\/v2\/posts\/5115\/revisions"}],"predecessor-version":[{"id":5118,"href":"https:\/\/ppgecpan.ufms.br\/en\/wp-json\/wp\/v2\/posts\/5115\/revisions\/5118"}],"wp:featuredmedia":[{"embeddable":true,"href":"https:\/\/ppgecpan.ufms.br\/en\/wp-json\/wp\/v2\/media\/5117"}],"wp:attachment":[{"href":"https:\/\/ppgecpan.ufms.br\/en\/wp-json\/wp\/v2\/media?parent=5115"}],"wp:term":[{"taxonomy":"category","embeddable":true,"href":"https:\/\/ppgecpan.ufms.br\/en\/wp-json\/wp\/v2\/categories?post=5115"},{"taxonomy":"post_tag","embeddable":true,"href":"https:\/\/ppgecpan.ufms.br\/en\/wp-json\/wp\/v2\/tags?post=5115"},{"taxonomy":"author","embeddable":true,"href":"https:\/\/ppgecpan.ufms.br\/en\/wp-json\/wp\/v2\/coauthors?post=5115"}],"curies":[{"name":"wp","href":"https:\/\/api.w.org\/{rel}","templated":true}]}}