{"id":513,"date":"2013-09-27T22:59:52","date_gmt":"2013-09-28T02:59:52","guid":{"rendered":"http:\/\/ppgecpan.draconis.ufms.br\/?p=513"},"modified":"2016-02-19T16:01:35","modified_gmt":"2016-02-19T20:01:35","slug":"comunicado-importante-datas-processo-seletivo","status":"publish","type":"post","link":"https:\/\/ppgecpan.ufms.br\/en\/comunicado-importante-datas-processo-seletivo\/","title":{"rendered":"Comunicado Importante &#8211; Datas processo seletivo"},"content":{"rendered":"<p>O Programa de P\u00f3s-Gradua\u00e7\u00e3o em Educa\u00e7\u00e3o da UFMS\/CPAN informa aos candidatos inscritos no processo seletivo para ingresso em 2014, que as datas de homologa\u00e7\u00e3o das inscri\u00e7\u00f5es (01\/10\/2013) e prova escrita (04\/10\/2013) <strong>est\u00e3o mantidas<\/strong>. Entretanto, em virtude da continuidade da greve dos correios, algumas inscri\u00e7\u00f5es podem chegar posteriormente \u00e0 homologa\u00e7\u00e3o das inscri\u00e7\u00f5es. Neste caso, pedimos aos <strong>candidatos que n\u00e3o figurarem na lista<\/strong>, mas que enviaram sua inscri\u00e7\u00e3o at\u00e9 o dia <strong>27\/09 (data de postagem)<\/strong>, entrar em contato com a secretaria do PPGE atrav\u00e9s do email <strong>ppge@cpan.ufms.br<\/strong> para indicar o problema e, ao mesmo tempo, enviar em anexo a <strong>ficha de inscri\u00e7\u00e3o assinada pelo candidato<\/strong> bem como o <strong>comprovante de pagamento<\/strong>. <span style=\"text-decoration: underline\">Refor\u00e7amos que este procedimento s\u00f3 deve ser realizado pelos candidatos que n\u00e3o identificarem seus nomes na lista de inscritos, e que efetuaram suas inscri\u00e7\u00f5es at\u00e9 o dia 29\/09\/2013.<\/span> Finalmente, informamos que a divulga\u00e7\u00e3o das inscri\u00e7\u00f5es homologadas ser\u00e1 realizada<strong><span style=\"text-decoration: underline\"> at\u00e9<\/span> as 23:59<\/strong> (hor\u00e1rio local) do dia 01\/10\/2013.<\/p>\n<p>&nbsp;<\/p>\n<p style=\"text-align: center\">Programa de P\u00f3s Gradua\u00e7\u00e3o em Educa\u00e7\u00e3o da UFMS\/CPAN<\/p>\n<p>&nbsp;<\/p>\n","protected":false},"excerpt":{"rendered":"<p>O Programa de P\u00f3s-Gradua\u00e7\u00e3o em Educa\u00e7\u00e3o da UFMS\/CPAN informa aos candidatos inscritos no processo seletivo para ingresso em 2014, que as datas de homologa\u00e7\u00e3o das inscri\u00e7\u00f5es (01\/10\/2013) e prova escrita (04\/10\/2013) est\u00e3o mantidas. Entretanto, em virtude da continuidade da greve dos correios, algumas inscri\u00e7\u00f5es podem chegar posteriormente \u00e0 homologa\u00e7\u00e3o das inscri\u00e7\u00f5es. Neste caso, pedimos aos [&hellip;]<\/p>\n","protected":false},"author":18799,"featured_media":108,"comment_status":"closed","ping_status":"open","sticky":false,"template":"","format":"standard","meta":{"footnotes":""},"categories":[1],"tags":[],"coauthors":[],"class_list":["post-513","post","type-post","status-publish","format-standard","has-post-thumbnail","hentry","category-noticias"],"_links":{"self":[{"href":"https:\/\/ppgecpan.ufms.br\/en\/wp-json\/wp\/v2\/posts\/513","targetHints":{"allow":["GET"]}}],"collection":[{"href":"https:\/\/ppgecpan.ufms.br\/en\/wp-json\/wp\/v2\/posts"}],"about":[{"href":"https:\/\/ppgecpan.ufms.br\/en\/wp-json\/wp\/v2\/types\/post"}],"author":[{"embeddable":true,"href":"https:\/\/ppgecpan.ufms.br\/en\/wp-json\/wp\/v2\/users\/18799"}],"replies":[{"embeddable":true,"href":"https:\/\/ppgecpan.ufms.br\/en\/wp-json\/wp\/v2\/comments?post=513"}],"version-history":[{"count":2,"href":"https:\/\/ppgecpan.ufms.br\/en\/wp-json\/wp\/v2\/posts\/513\/revisions"}],"predecessor-version":[{"id":515,"href":"https:\/\/ppgecpan.ufms.br\/en\/wp-json\/wp\/v2\/posts\/513\/revisions\/515"}],"wp:featuredmedia":[{"embeddable":true,"href":"https:\/\/ppgecpan.ufms.br\/en\/wp-json\/wp\/v2\/media\/108"}],"wp:attachment":[{"href":"https:\/\/ppgecpan.ufms.br\/en\/wp-json\/wp\/v2\/media?parent=513"}],"wp:term":[{"taxonomy":"category","embeddable":true,"href":"https:\/\/ppgecpan.ufms.br\/en\/wp-json\/wp\/v2\/categories?post=513"},{"taxonomy":"post_tag","embeddable":true,"href":"https:\/\/ppgecpan.ufms.br\/en\/wp-json\/wp\/v2\/tags?post=513"},{"taxonomy":"author","embeddable":true,"href":"https:\/\/ppgecpan.ufms.br\/en\/wp-json\/wp\/v2\/coauthors?post=513"}],"curies":[{"name":"wp","href":"https:\/\/api.w.org\/{rel}","templated":true}]}}