{"id":524,"date":"2012-09-27T08:51:58","date_gmt":"2012-09-27T12:51:58","guid":{"rendered":"http:\/\/ppgecpan.draconis.ufms.br\/?p=524"},"modified":"2020-07-31T15:52:10","modified_gmt":"2020-07-31T19:52:10","slug":"andrea-duarte-de-oliveira-condicoes-de-formacao-continuada-do-programa-educacao-inclusiva-direito-a-diversidade","status":"publish","type":"post","link":"https:\/\/ppgecpan.ufms.br\/en\/andrea-duarte-de-oliveira-condicoes-de-formacao-continuada-do-programa-educacao-inclusiva-direito-a-diversidade\/","title":{"rendered":"ANDR\u00c9A DUARTE DE OLIVEIRA &#8211; CONDI\u00c7\u00d5ES DE FORMA\u00c7\u00c3O CONTINUADA DO PROGRAMA  EDUCA\u00c7\u00c3O INCLUSIVA: DIREITO \u00c0 DIVERSIDADE"},"content":{"rendered":"<p class=\"qtranxs-available-languages-message qtranxs-available-languages-message-en\">Sorry, this entry is only available in <a href=\"https:\/\/ppgecpan.ufms.br\/pb\/wp-json\/wp\/v2\/posts\/524\" class=\"qtranxs-available-language-link qtranxs-available-language-link-pb\" title=\"Portugu\u00eas do Brasil\">Portugu\u00eas do Brasil<\/a> and <a href=\"https:\/\/ppgecpan.ufms.br\/es\/wp-json\/wp\/v2\/posts\/524\" class=\"qtranxs-available-language-link qtranxs-available-language-link-es\" title=\"Espa\u00f1ol\">Espa\u00f1ol<\/a>.<\/p>","protected":false},"excerpt":{"rendered":"<p>Sorry, this entry is only available in Portugu\u00eas do Brasil and Espa\u00f1ol.<\/p>\n","protected":false},"author":18799,"featured_media":0,"comment_status":"closed","ping_status":"open","sticky":false,"template":"","format":"standard","meta":{"footnotes":""},"categories":[28,8],"tags":[],"coauthors":[],"class_list":["post-524","post","type-post","status-publish","format-standard","hentry","category-28","category-dissertacoes"],"_links":{"self":[{"href":"https:\/\/ppgecpan.ufms.br\/en\/wp-json\/wp\/v2\/posts\/524","targetHints":{"allow":["GET"]}}],"collection":[{"href":"https:\/\/ppgecpan.ufms.br\/en\/wp-json\/wp\/v2\/posts"}],"about":[{"href":"https:\/\/ppgecpan.ufms.br\/en\/wp-json\/wp\/v2\/types\/post"}],"author":[{"embeddable":true,"href":"https:\/\/ppgecpan.ufms.br\/en\/wp-json\/wp\/v2\/users\/18799"}],"replies":[{"embeddable":true,"href":"https:\/\/ppgecpan.ufms.br\/en\/wp-json\/wp\/v2\/comments?post=524"}],"version-history":[{"count":3,"href":"https:\/\/ppgecpan.ufms.br\/en\/wp-json\/wp\/v2\/posts\/524\/revisions"}],"predecessor-version":[{"id":4614,"href":"https:\/\/ppgecpan.ufms.br\/en\/wp-json\/wp\/v2\/posts\/524\/revisions\/4614"}],"wp:attachment":[{"href":"https:\/\/ppgecpan.ufms.br\/en\/wp-json\/wp\/v2\/media?parent=524"}],"wp:term":[{"taxonomy":"category","embeddable":true,"href":"https:\/\/ppgecpan.ufms.br\/en\/wp-json\/wp\/v2\/categories?post=524"},{"taxonomy":"post_tag","embeddable":true,"href":"https:\/\/ppgecpan.ufms.br\/en\/wp-json\/wp\/v2\/tags?post=524"},{"taxonomy":"author","embeddable":true,"href":"https:\/\/ppgecpan.ufms.br\/en\/wp-json\/wp\/v2\/coauthors?post=524"}],"curies":[{"name":"wp","href":"https:\/\/api.w.org\/{rel}","templated":true}]}}