{"id":537,"date":"2011-09-26T09:05:43","date_gmt":"2011-09-26T13:05:43","guid":{"rendered":"http:\/\/ppgecpan.draconis.ufms.br\/?p=537"},"modified":"2019-02-25T11:13:27","modified_gmt":"2019-02-25T15:13:27","slug":"luiz-carlos-vargas-da-luta-pela-terra-em-corumba-ms-a-formacao-dos-professores-leigos-no-assentamento-taquaral","status":"publish","type":"post","link":"https:\/\/ppgecpan.ufms.br\/en\/luiz-carlos-vargas-da-luta-pela-terra-em-corumba-ms-a-formacao-dos-professores-leigos-no-assentamento-taquaral\/","title":{"rendered":"LUIZ CARLOS VARGAS &#8211; DA LUTA PELA TERRA EM CORUMB\u00c1-MS \u00c0 FORMA\u00c7\u00c3O DOS  PROFESSORES LEIGOS NO ASSENTAMENTO TAQUARAL"},"content":{"rendered":"<p class=\"qtranxs-available-languages-message qtranxs-available-languages-message-en\">Sorry, this entry is only available in <a href=\"https:\/\/ppgecpan.ufms.br\/pb\/wp-json\/wp\/v2\/posts\/537\" class=\"qtranxs-available-language-link qtranxs-available-language-link-pb\" title=\"Portugu\u00eas do Brasil\">Portugu\u00eas do Brasil<\/a> and <a href=\"https:\/\/ppgecpan.ufms.br\/es\/wp-json\/wp\/v2\/posts\/537\" class=\"qtranxs-available-language-link qtranxs-available-language-link-es\" title=\"Espa\u00f1ol\">Espa\u00f1ol<\/a>.<\/p>","protected":false},"excerpt":{"rendered":"<p>Sorry, this entry is only available in Portugu\u00eas do Brasil and Espa\u00f1ol.<\/p>\n","protected":false},"author":18799,"featured_media":0,"comment_status":"closed","ping_status":"open","sticky":false,"template":"","format":"standard","meta":{"footnotes":""},"categories":[27,8],"tags":[],"coauthors":[],"class_list":["post-537","post","type-post","status-publish","format-standard","hentry","category-27","category-dissertacoes"],"_links":{"self":[{"href":"https:\/\/ppgecpan.ufms.br\/en\/wp-json\/wp\/v2\/posts\/537","targetHints":{"allow":["GET"]}}],"collection":[{"href":"https:\/\/ppgecpan.ufms.br\/en\/wp-json\/wp\/v2\/posts"}],"about":[{"href":"https:\/\/ppgecpan.ufms.br\/en\/wp-json\/wp\/v2\/types\/post"}],"author":[{"embeddable":true,"href":"https:\/\/ppgecpan.ufms.br\/en\/wp-json\/wp\/v2\/users\/18799"}],"replies":[{"embeddable":true,"href":"https:\/\/ppgecpan.ufms.br\/en\/wp-json\/wp\/v2\/comments?post=537"}],"version-history":[{"count":4,"href":"https:\/\/ppgecpan.ufms.br\/en\/wp-json\/wp\/v2\/posts\/537\/revisions"}],"predecessor-version":[{"id":3714,"href":"https:\/\/ppgecpan.ufms.br\/en\/wp-json\/wp\/v2\/posts\/537\/revisions\/3714"}],"wp:attachment":[{"href":"https:\/\/ppgecpan.ufms.br\/en\/wp-json\/wp\/v2\/media?parent=537"}],"wp:term":[{"taxonomy":"category","embeddable":true,"href":"https:\/\/ppgecpan.ufms.br\/en\/wp-json\/wp\/v2\/categories?post=537"},{"taxonomy":"post_tag","embeddable":true,"href":"https:\/\/ppgecpan.ufms.br\/en\/wp-json\/wp\/v2\/tags?post=537"},{"taxonomy":"author","embeddable":true,"href":"https:\/\/ppgecpan.ufms.br\/en\/wp-json\/wp\/v2\/coauthors?post=537"}],"curies":[{"name":"wp","href":"https:\/\/api.w.org\/{rel}","templated":true}]}}