{"id":545,"date":"2011-09-22T09:17:54","date_gmt":"2011-09-22T13:17:54","guid":{"rendered":"http:\/\/ppgecpan.draconis.ufms.br\/?p=545"},"modified":"2020-07-31T15:47:44","modified_gmt":"2020-07-31T19:47:44","slug":"valeria-lopes-dos-santos-representacoes-de-genero-nas-falas-das-professoras-da-pre-escola-e-primeiro-ano-do-ensino-fundamental-que-atuam-no-municipio-de-corumbams","status":"publish","type":"post","link":"https:\/\/ppgecpan.ufms.br\/en\/valeria-lopes-dos-santos-representacoes-de-genero-nas-falas-das-professoras-da-pre-escola-e-primeiro-ano-do-ensino-fundamental-que-atuam-no-municipio-de-corumbams\/","title":{"rendered":"VAL\u00c9RIA LOPES DOS SANTOS &#8211; REPRESENTA\u00c7\u00d5ES DE G\u00caNERO NAS FALAS DAS PROFESSORAS  DA PR\u00c9-ESCOLA E PRIMEIRO ANO DO ENSINO FUNDAMENTAL  QUE ATUAM NO MUNIC\u00cdPIO DE CORUMB\u00c1\/MS"},"content":{"rendered":"<p class=\"qtranxs-available-languages-message qtranxs-available-languages-message-en\">Sorry, this entry is only available in <a href=\"https:\/\/ppgecpan.ufms.br\/pb\/wp-json\/wp\/v2\/posts\/545\" class=\"qtranxs-available-language-link qtranxs-available-language-link-pb\" title=\"Portugu\u00eas do Brasil\">Portugu\u00eas do Brasil<\/a> and <a href=\"https:\/\/ppgecpan.ufms.br\/es\/wp-json\/wp\/v2\/posts\/545\" class=\"qtranxs-available-language-link qtranxs-available-language-link-es\" title=\"Espa\u00f1ol\">Espa\u00f1ol<\/a>.<\/p>","protected":false},"excerpt":{"rendered":"<p>Sorry, this entry is only available in Portugu\u00eas do Brasil and Espa\u00f1ol.<\/p>\n","protected":false},"author":18799,"featured_media":0,"comment_status":"closed","ping_status":"open","sticky":false,"template":"","format":"standard","meta":{"footnotes":""},"categories":[27,8],"tags":[],"coauthors":[],"class_list":["post-545","post","type-post","status-publish","format-standard","hentry","category-27","category-dissertacoes"],"_links":{"self":[{"href":"https:\/\/ppgecpan.ufms.br\/en\/wp-json\/wp\/v2\/posts\/545","targetHints":{"allow":["GET"]}}],"collection":[{"href":"https:\/\/ppgecpan.ufms.br\/en\/wp-json\/wp\/v2\/posts"}],"about":[{"href":"https:\/\/ppgecpan.ufms.br\/en\/wp-json\/wp\/v2\/types\/post"}],"author":[{"embeddable":true,"href":"https:\/\/ppgecpan.ufms.br\/en\/wp-json\/wp\/v2\/users\/18799"}],"replies":[{"embeddable":true,"href":"https:\/\/ppgecpan.ufms.br\/en\/wp-json\/wp\/v2\/comments?post=545"}],"version-history":[{"count":4,"href":"https:\/\/ppgecpan.ufms.br\/en\/wp-json\/wp\/v2\/posts\/545\/revisions"}],"predecessor-version":[{"id":4611,"href":"https:\/\/ppgecpan.ufms.br\/en\/wp-json\/wp\/v2\/posts\/545\/revisions\/4611"}],"wp:attachment":[{"href":"https:\/\/ppgecpan.ufms.br\/en\/wp-json\/wp\/v2\/media?parent=545"}],"wp:term":[{"taxonomy":"category","embeddable":true,"href":"https:\/\/ppgecpan.ufms.br\/en\/wp-json\/wp\/v2\/categories?post=545"},{"taxonomy":"post_tag","embeddable":true,"href":"https:\/\/ppgecpan.ufms.br\/en\/wp-json\/wp\/v2\/tags?post=545"},{"taxonomy":"author","embeddable":true,"href":"https:\/\/ppgecpan.ufms.br\/en\/wp-json\/wp\/v2\/coauthors?post=545"}],"curies":[{"name":"wp","href":"https:\/\/api.w.org\/{rel}","templated":true}]}}