{"id":548,"date":"2011-09-24T09:25:18","date_gmt":"2011-09-24T13:25:18","guid":{"rendered":"http:\/\/ppgecpan.draconis.ufms.br\/?p=548"},"modified":"2020-07-31T15:43:31","modified_gmt":"2020-07-31T19:43:31","slug":"polyana-andreza-da-silva-costa-violencia-no-cotidiano-escolar-a-visao-de-professores-que-atuam-no-ensino-fundamenta-de-escolas-publicas-do-municipio-de-corumba-ms","status":"publish","type":"post","link":"https:\/\/ppgecpan.ufms.br\/en\/polyana-andreza-da-silva-costa-violencia-no-cotidiano-escolar-a-visao-de-professores-que-atuam-no-ensino-fundamenta-de-escolas-publicas-do-municipio-de-corumba-ms\/","title":{"rendered":"POLYANA ANDREZA DA SILVA COSTA &#8211; VIOL\u00caNCIA NO COTIDIANO ESCOLAR: A VIS\u00c3O DE PROFESSORES QUE ATUAM NO ENSINO FUNDAMENTA DE ESCOLAS P\u00daBLICAS DO MUNIC\u00cdPIO DE CORUMB\u00c1 &#8211; MS"},"content":{"rendered":"<p class=\"qtranxs-available-languages-message qtranxs-available-languages-message-en\">Sorry, this entry is only available in <a href=\"https:\/\/ppgecpan.ufms.br\/pb\/wp-json\/wp\/v2\/posts\/548\" class=\"qtranxs-available-language-link qtranxs-available-language-link-pb\" title=\"Portugu\u00eas do Brasil\">Portugu\u00eas do Brasil<\/a> and <a href=\"https:\/\/ppgecpan.ufms.br\/es\/wp-json\/wp\/v2\/posts\/548\" class=\"qtranxs-available-language-link qtranxs-available-language-link-es\" title=\"Espa\u00f1ol\">Espa\u00f1ol<\/a>.<\/p>","protected":false},"excerpt":{"rendered":"<p>Sorry, this entry is only available in Portugu\u00eas do Brasil and Espa\u00f1ol.<\/p>\n","protected":false},"author":18799,"featured_media":0,"comment_status":"closed","ping_status":"open","sticky":false,"template":"","format":"standard","meta":{"footnotes":""},"categories":[27,8],"tags":[],"coauthors":[],"class_list":["post-548","post","type-post","status-publish","format-standard","hentry","category-27","category-dissertacoes"],"_links":{"self":[{"href":"https:\/\/ppgecpan.ufms.br\/en\/wp-json\/wp\/v2\/posts\/548","targetHints":{"allow":["GET"]}}],"collection":[{"href":"https:\/\/ppgecpan.ufms.br\/en\/wp-json\/wp\/v2\/posts"}],"about":[{"href":"https:\/\/ppgecpan.ufms.br\/en\/wp-json\/wp\/v2\/types\/post"}],"author":[{"embeddable":true,"href":"https:\/\/ppgecpan.ufms.br\/en\/wp-json\/wp\/v2\/users\/18799"}],"replies":[{"embeddable":true,"href":"https:\/\/ppgecpan.ufms.br\/en\/wp-json\/wp\/v2\/comments?post=548"}],"version-history":[{"count":5,"href":"https:\/\/ppgecpan.ufms.br\/en\/wp-json\/wp\/v2\/posts\/548\/revisions"}],"predecessor-version":[{"id":4609,"href":"https:\/\/ppgecpan.ufms.br\/en\/wp-json\/wp\/v2\/posts\/548\/revisions\/4609"}],"wp:attachment":[{"href":"https:\/\/ppgecpan.ufms.br\/en\/wp-json\/wp\/v2\/media?parent=548"}],"wp:term":[{"taxonomy":"category","embeddable":true,"href":"https:\/\/ppgecpan.ufms.br\/en\/wp-json\/wp\/v2\/categories?post=548"},{"taxonomy":"post_tag","embeddable":true,"href":"https:\/\/ppgecpan.ufms.br\/en\/wp-json\/wp\/v2\/tags?post=548"},{"taxonomy":"author","embeddable":true,"href":"https:\/\/ppgecpan.ufms.br\/en\/wp-json\/wp\/v2\/coauthors?post=548"}],"curies":[{"name":"wp","href":"https:\/\/api.w.org\/{rel}","templated":true}]}}