{"id":55,"date":"2012-02-03T16:08:10","date_gmt":"2012-02-03T16:08:10","guid":{"rendered":"http:\/\/ppgecpan.draconis.ufms.br\/?p=55"},"modified":"2012-02-27T14:31:43","modified_gmt":"2012-02-27T14:31:43","slug":"linha-de-pesquisa-2-formacao-de-educadores-e-diversidade","status":"publish","type":"post","link":"https:\/\/ppgecpan.ufms.br\/en\/linha-de-pesquisa-2-formacao-de-educadores-e-diversidade\/","title":{"rendered":"Linha de Pesquisa 2:  FORMA\u00c7\u00c3O DE EDUCADORES E DIVERSIDADE"},"content":{"rendered":"<table border=\"1\" cellspacing=\"1\" cellpadding=\"1\" align=\"center\">\n<tbody>\n<tr>\n<td colspan=\"4\" valign=\"middle\"><strong>Linha de Pesquisa 2: \u00a0FORMA\u00c7\u00c3O DE EDUCADORES E DIVERSIDADE<\/strong><\/td>\n<\/tr>\n<tr>\n<td colspan=\"4\" valign=\"middle\">Representate: Prof\u00aa. Dr\u00aa. Edelir Salom\u00e3o Garcia<\/td>\n<\/tr>\n<tr>\n<td valign=\"middle\"><strong>#<\/strong><\/td>\n<td valign=\"middle\"><strong>Docente<\/strong><\/td>\n<td valign=\"middle\"><strong>Curr\u00edculo Lattes<\/strong><\/td>\n<td valign=\"middle\"><strong>E-mail<\/strong><\/td>\n<\/tr>\n<tr valign=\"top\">\n<td valign=\"middle\"><strong>1<\/strong><\/td>\n<td valign=\"middle\">Ana Lucia Esp\u00edndola<\/td>\n<td valign=\"middle\"><a href=\"http:\/\/lattes.cnpq.br\/8030479471935451\" target=\"_blank\"><img decoding=\"async\" src=\"http:\/\/www.cpan.ufms.br\/old\/images\/stories\/links_home\/lattes_logo2.gif\" alt=\"\" width=\"50\" border=\"0\" \/><\/a><\/td>\n<td valign=\"middle\"><a href=\"mailto:anaespindola@uol.com.br\">anaespindola@uol.com.br<\/a><\/td>\n<\/tr>\n<tr>\n<td valign=\"middle\"><strong>2<\/strong><\/td>\n<td valign=\"middle\">Constantina Xavier Filha<\/td>\n<td valign=\"middle\"><a href=\"http:\/\/lattes.cnpq.br\/0592180860075151\" target=\"_blank\"><img decoding=\"async\" src=\"http:\/\/www.cpan.ufms.br\/old\/images\/stories\/links_home\/lattes_logo2.gif\" alt=\"\" width=\"50\" border=\"0\" \/><\/a><\/td>\n<td valign=\"middle\"><a href=\"mailto:anaespindola@uol.com.br\">anaespindola@uol.com.br<\/a><\/td>\n<\/tr>\n<tr valign=\"top\">\n<td valign=\"middle\"><strong>3<\/strong><\/td>\n<td valign=\"middle\">Dimair de Souza Fran\u00e7a<\/td>\n<td valign=\"middle\"><a href=\"http:\/\/lattes.cnpq.br\/2489953456241879\" target=\"_blank\"><img decoding=\"async\" src=\"http:\/\/www.cpan.ufms.br\/old\/images\/stories\/links_home\/lattes_logo2.gif\" alt=\"\" width=\"50\" border=\"0\" \/><\/a><\/td>\n<td valign=\"middle\"><a href=\"mailto:dimairsf@terra.com.br\">dimairsf@terra.com.br<\/a><\/td>\n<\/tr>\n<tr>\n<td valign=\"middle\"><strong>4<\/strong><\/td>\n<td valign=\"middle\">Edelir Salom\u00e3o Garcia<\/td>\n<td valign=\"middle\"><a href=\"http:\/\/lattes.cnpq.br\/7455372529995767\" target=\"_blank\"><img decoding=\"async\" src=\"http:\/\/www.cpan.ufms.br\/old\/images\/stories\/links_home\/lattes_logo2.gif\" alt=\"\" width=\"50\" border=\"0\" \/><\/a><\/td>\n<td valign=\"middle\"><a href=\"mailto:edelir@ibest.com.br\">edelir@ibest.com.br<\/a><\/td>\n<\/tr>\n<tr valign=\"top\">\n<td valign=\"middle\"><strong>5<\/strong><\/td>\n<td valign=\"middle\">M\u00e1rcia Regina do Nascimento Samburagi<\/td>\n<td valign=\"middle\"><a href=\"http:\/\/buscatextual.cnpq.br\/buscatextual\/visualizacv.do?id=K4770294P8&amp;mostrarNroCitacoesISI=true&amp;mostrarNroCitacoesScopus=true&amp;mostrarNroCitacoesScielo=true\" target=\"_blank\"><img decoding=\"async\" src=\"http:\/\/www.cpan.ufms.br\/old\/images\/stories\/links_home\/lattes_logo2.gif\" alt=\"\" width=\"50\" border=\"0\" \/><\/a><\/td>\n<td valign=\"middle\"><a href=\"http:\/\/cpan.draconis.ufms.br\/2011\/09\/13\/docentes\/marcia.sambugari@ufms.br\">marcia.sambugari@ufms.br<\/a><\/td>\n<\/tr>\n<tr valign=\"top\">\n<td valign=\"middle\"><strong>6<\/strong><\/td>\n<td valign=\"middle\">Nilza Cristina Gomes de Ara\u00fajo<\/td>\n<td valign=\"middle\"><a href=\"http:\/\/buscatextual.cnpq.br\/buscatextual\/visualizacv.do?id=K4716783A3&amp;mostrarNroCitacoesISI=true&amp;mostrarNroCitacoesScopus=true&amp;mostrarNroCitacoesScielo=true\" target=\"_blank\"><img decoding=\"async\" src=\"http:\/\/www.cpan.ufms.br\/old\/images\/stories\/links_home\/lattes_logo2.gif\" alt=\"\" width=\"50\" border=\"0\" \/><\/a><\/td>\n<td valign=\"middle\"><a href=\"http:\/\/cpan.draconis.ufms.br\/2011\/09\/13\/docentes\/nilza.cg.araujo@ufms.br\" target=\"_blank\">nilza.cg.araujo@ufms.br<\/a><\/td>\n<\/tr>\n<tr valign=\"top\">\n<td valign=\"middle\"><strong>7<\/strong><\/td>\n<td valign=\"middle\">Rosana Carla Gon\u00e7alves Gomes Cintra<\/td>\n<td valign=\"middle\"><a href=\"http:\/\/lattes.cnpq.br\/4667446959813860\" target=\"_blank\"><img decoding=\"async\" src=\"http:\/\/www.cpan.ufms.br\/old\/images\/stories\/links_home\/lattes_logo2.gif\" alt=\"\" width=\"50\" border=\"0\" \/><\/a><\/td>\n<td valign=\"middle\"><a href=\"mailto:rosanacintra1@hotmail.com\">rosanacintra1@hotmail.com<\/a><\/td>\n<\/tr>\n<\/tbody>\n<\/table>\n<p>&nbsp;<\/p>\n","protected":false},"excerpt":{"rendered":"<p>Linha de Pesquisa 2: \u00a0FORMA\u00c7\u00c3O DE EDUCADORES E DIVERSIDADE Representate: Prof\u00aa. Dr\u00aa. Edelir Salom\u00e3o Garcia # Docente Curr\u00edculo Lattes E-mail 1 Ana Lucia Esp\u00edndola anaespindola@uol.com.br 2 Constantina Xavier Filha anaespindola@uol.com.br 3 Dimair de Souza Fran\u00e7a dimairsf@terra.com.br 4 Edelir Salom\u00e3o Garcia edelir@ibest.com.br 5 M\u00e1rcia Regina do Nascimento Samburagi marcia.sambugari@ufms.br 6 Nilza Cristina Gomes de Ara\u00fajo nilza.cg.araujo@ufms.br [&hellip;]<\/p>\n","protected":false},"author":7,"featured_media":0,"comment_status":"closed","ping_status":"closed","sticky":false,"template":"","format":"standard","meta":{"footnotes":""},"categories":[15,1],"tags":[],"coauthors":[],"class_list":["post-55","post","type-post","status-publish","format-standard","hentry","category-docentes","category-noticias"],"_links":{"self":[{"href":"https:\/\/ppgecpan.ufms.br\/en\/wp-json\/wp\/v2\/posts\/55","targetHints":{"allow":["GET"]}}],"collection":[{"href":"https:\/\/ppgecpan.ufms.br\/en\/wp-json\/wp\/v2\/posts"}],"about":[{"href":"https:\/\/ppgecpan.ufms.br\/en\/wp-json\/wp\/v2\/types\/post"}],"author":[{"embeddable":true,"href":"https:\/\/ppgecpan.ufms.br\/en\/wp-json\/wp\/v2\/users\/7"}],"replies":[{"embeddable":true,"href":"https:\/\/ppgecpan.ufms.br\/en\/wp-json\/wp\/v2\/comments?post=55"}],"version-history":[{"count":6,"href":"https:\/\/ppgecpan.ufms.br\/en\/wp-json\/wp\/v2\/posts\/55\/revisions"}],"predecessor-version":[{"id":195,"href":"https:\/\/ppgecpan.ufms.br\/en\/wp-json\/wp\/v2\/posts\/55\/revisions\/195"}],"wp:attachment":[{"href":"https:\/\/ppgecpan.ufms.br\/en\/wp-json\/wp\/v2\/media?parent=55"}],"wp:term":[{"taxonomy":"category","embeddable":true,"href":"https:\/\/ppgecpan.ufms.br\/en\/wp-json\/wp\/v2\/categories?post=55"},{"taxonomy":"post_tag","embeddable":true,"href":"https:\/\/ppgecpan.ufms.br\/en\/wp-json\/wp\/v2\/tags?post=55"},{"taxonomy":"author","embeddable":true,"href":"https:\/\/ppgecpan.ufms.br\/en\/wp-json\/wp\/v2\/coauthors?post=55"}],"curies":[{"name":"wp","href":"https:\/\/api.w.org\/{rel}","templated":true}]}}