{"id":5639,"date":"2022-04-27T15:37:58","date_gmt":"2022-04-27T19:37:58","guid":{"rendered":"https:\/\/ppgecpan.ufms.br\/?p=5639"},"modified":"2025-06-12T10:28:05","modified_gmt":"2025-06-12T14:28:05","slug":"eliane-ceri-assis-santana-o-que-pensam-as-criancas-assentadas-sobre-o-papel-do-professor-de-educacao-infantil-do-campo-ou-sobre-o-direito-da-participacao-politica-dos-pequenos","status":"publish","type":"post","link":"https:\/\/ppgecpan.ufms.br\/en\/eliane-ceri-assis-santana-o-que-pensam-as-criancas-assentadas-sobre-o-papel-do-professor-de-educacao-infantil-do-campo-ou-sobre-o-direito-da-participacao-politica-dos-pequenos\/","title":{"rendered":"(Portugu\u00eas do Brasil) ELIANE CERI ASSIS SANTANA  &#8211; O QUE PENSAM AS CRIAN\u00c7AS ASSENTADAS SOBRE O PAPEL DO PROFESSOR DE EDUCA\u00c7\u00c3O INFANTIL DO CAMPO \u2014 OU: SOBRE O DIREITO DA PARTICIPA\u00c7\u00c3O POL\u00cdTICA DOS PEQUENOS"},"content":{"rendered":"<p class=\"qtranxs-available-languages-message qtranxs-available-languages-message-en\">Sorry, this entry is only available in <a href=\"https:\/\/ppgecpan.ufms.br\/pb\/wp-json\/wp\/v2\/posts\/5639\" class=\"qtranxs-available-language-link qtranxs-available-language-link-pb\" title=\"Portugu\u00eas do Brasil\">Portugu\u00eas do Brasil<\/a>.<\/p>","protected":false},"excerpt":{"rendered":"<p>Sorry, this entry is only available in Portugu\u00eas do Brasil.<\/p>\n","protected":false},"author":22320,"featured_media":3788,"comment_status":"closed","ping_status":"open","sticky":false,"template":"","format":"standard","meta":{"footnotes":""},"categories":[77,1],"tags":[],"coauthors":[],"class_list":["post-5639","post","type-post","status-publish","format-standard","has-post-thumbnail","hentry","category-77","category-noticias"],"_links":{"self":[{"href":"https:\/\/ppgecpan.ufms.br\/en\/wp-json\/wp\/v2\/posts\/5639","targetHints":{"allow":["GET"]}}],"collection":[{"href":"https:\/\/ppgecpan.ufms.br\/en\/wp-json\/wp\/v2\/posts"}],"about":[{"href":"https:\/\/ppgecpan.ufms.br\/en\/wp-json\/wp\/v2\/types\/post"}],"author":[{"embeddable":true,"href":"https:\/\/ppgecpan.ufms.br\/en\/wp-json\/wp\/v2\/users\/22320"}],"replies":[{"embeddable":true,"href":"https:\/\/ppgecpan.ufms.br\/en\/wp-json\/wp\/v2\/comments?post=5639"}],"version-history":[{"count":5,"href":"https:\/\/ppgecpan.ufms.br\/en\/wp-json\/wp\/v2\/posts\/5639\/revisions"}],"predecessor-version":[{"id":7730,"href":"https:\/\/ppgecpan.ufms.br\/en\/wp-json\/wp\/v2\/posts\/5639\/revisions\/7730"}],"wp:featuredmedia":[{"embeddable":true,"href":"https:\/\/ppgecpan.ufms.br\/en\/wp-json\/wp\/v2\/media\/3788"}],"wp:attachment":[{"href":"https:\/\/ppgecpan.ufms.br\/en\/wp-json\/wp\/v2\/media?parent=5639"}],"wp:term":[{"taxonomy":"category","embeddable":true,"href":"https:\/\/ppgecpan.ufms.br\/en\/wp-json\/wp\/v2\/categories?post=5639"},{"taxonomy":"post_tag","embeddable":true,"href":"https:\/\/ppgecpan.ufms.br\/en\/wp-json\/wp\/v2\/tags?post=5639"},{"taxonomy":"author","embeddable":true,"href":"https:\/\/ppgecpan.ufms.br\/en\/wp-json\/wp\/v2\/coauthors?post=5639"}],"curies":[{"name":"wp","href":"https:\/\/api.w.org\/{rel}","templated":true}]}}