{"id":5714,"date":"2022-07-06T14:49:24","date_gmt":"2022-07-06T18:49:24","guid":{"rendered":"https:\/\/ppgecpan.ufms.br\/?p=5714"},"modified":"2023-06-12T09:57:05","modified_gmt":"2023-06-12T13:57:05","slug":"palestra-e-lancamento-de-livro-as-abordagens-de-ensino-e-suas-diferentes-epistemologias-a-recorrencia-das-criticas-exogenas-e-a-necessidade-da-critica-imanente","status":"publish","type":"post","link":"https:\/\/ppgecpan.ufms.br\/en\/palestra-e-lancamento-de-livro-as-abordagens-de-ensino-e-suas-diferentes-epistemologias-a-recorrencia-das-criticas-exogenas-e-a-necessidade-da-critica-imanente\/","title":{"rendered":"(Portugu\u00eas do Brasil) PALESTRA E LAN\u00c7AMENTO DE LIVRO -As abordagens de Ensino e suas diferentes epistemologias: a recorr\u00eancia das cr\u00edticas ex\u00f3genas e a necessidade da cr\u00edtica imanente."},"content":{"rendered":"<p class=\"qtranxs-available-languages-message qtranxs-available-languages-message-en\">Sorry, this entry is only available in <a href=\"https:\/\/ppgecpan.ufms.br\/pb\/wp-json\/wp\/v2\/posts\/5714\" class=\"qtranxs-available-language-link qtranxs-available-language-link-pb\" title=\"Portugu\u00eas do Brasil\">Portugu\u00eas do Brasil<\/a>.<\/p>","protected":false},"excerpt":{"rendered":"<p>Sorry, this entry is only available in Portugu\u00eas do Brasil.<\/p>\n","protected":false},"author":22320,"featured_media":5715,"comment_status":"closed","ping_status":"open","sticky":false,"template":"","format":"standard","meta":{"footnotes":""},"categories":[1],"tags":[],"coauthors":[],"class_list":["post-5714","post","type-post","status-publish","format-standard","has-post-thumbnail","hentry","category-noticias"],"_links":{"self":[{"href":"https:\/\/ppgecpan.ufms.br\/en\/wp-json\/wp\/v2\/posts\/5714","targetHints":{"allow":["GET"]}}],"collection":[{"href":"https:\/\/ppgecpan.ufms.br\/en\/wp-json\/wp\/v2\/posts"}],"about":[{"href":"https:\/\/ppgecpan.ufms.br\/en\/wp-json\/wp\/v2\/types\/post"}],"author":[{"embeddable":true,"href":"https:\/\/ppgecpan.ufms.br\/en\/wp-json\/wp\/v2\/users\/22320"}],"replies":[{"embeddable":true,"href":"https:\/\/ppgecpan.ufms.br\/en\/wp-json\/wp\/v2\/comments?post=5714"}],"version-history":[{"count":6,"href":"https:\/\/ppgecpan.ufms.br\/en\/wp-json\/wp\/v2\/posts\/5714\/revisions"}],"predecessor-version":[{"id":5722,"href":"https:\/\/ppgecpan.ufms.br\/en\/wp-json\/wp\/v2\/posts\/5714\/revisions\/5722"}],"wp:featuredmedia":[{"embeddable":true,"href":"https:\/\/ppgecpan.ufms.br\/en\/wp-json\/wp\/v2\/media\/5715"}],"wp:attachment":[{"href":"https:\/\/ppgecpan.ufms.br\/en\/wp-json\/wp\/v2\/media?parent=5714"}],"wp:term":[{"taxonomy":"category","embeddable":true,"href":"https:\/\/ppgecpan.ufms.br\/en\/wp-json\/wp\/v2\/categories?post=5714"},{"taxonomy":"post_tag","embeddable":true,"href":"https:\/\/ppgecpan.ufms.br\/en\/wp-json\/wp\/v2\/tags?post=5714"},{"taxonomy":"author","embeddable":true,"href":"https:\/\/ppgecpan.ufms.br\/en\/wp-json\/wp\/v2\/coauthors?post=5714"}],"curies":[{"name":"wp","href":"https:\/\/api.w.org\/{rel}","templated":true}]}}