{"id":5789,"date":"2022-11-04T08:51:17","date_gmt":"2022-11-04T12:51:17","guid":{"rendered":"https:\/\/ppgecpan.ufms.br\/?p=5789"},"modified":"2023-06-05T14:23:26","modified_gmt":"2023-06-05T18:23:26","slug":"as-inscricoes-para-o-processo-seletivo-encerram-se-no-dia-06-11-2022-as-2359","status":"publish","type":"post","link":"https:\/\/ppgecpan.ufms.br\/en\/as-inscricoes-para-o-processo-seletivo-encerram-se-no-dia-06-11-2022-as-2359\/","title":{"rendered":"(Portugu\u00eas do Brasil) As inscri\u00e7\u00f5es para o processo seletivo encerram-se no dia 06\/11\/2022 \u00e0s 23:59."},"content":{"rendered":"","protected":false},"excerpt":{"rendered":"","protected":false},"author":22320,"featured_media":0,"comment_status":"closed","ping_status":"open","sticky":false,"template":"","format":"standard","meta":{"footnotes":""},"categories":[1],"tags":[],"coauthors":[],"class_list":["post-5789","post","type-post","status-publish","format-standard","hentry","category-noticias"],"_links":{"self":[{"href":"https:\/\/ppgecpan.ufms.br\/en\/wp-json\/wp\/v2\/posts\/5789","targetHints":{"allow":["GET"]}}],"collection":[{"href":"https:\/\/ppgecpan.ufms.br\/en\/wp-json\/wp\/v2\/posts"}],"about":[{"href":"https:\/\/ppgecpan.ufms.br\/en\/wp-json\/wp\/v2\/types\/post"}],"author":[{"embeddable":true,"href":"https:\/\/ppgecpan.ufms.br\/en\/wp-json\/wp\/v2\/users\/22320"}],"replies":[{"embeddable":true,"href":"https:\/\/ppgecpan.ufms.br\/en\/wp-json\/wp\/v2\/comments?post=5789"}],"version-history":[{"count":1,"href":"https:\/\/ppgecpan.ufms.br\/en\/wp-json\/wp\/v2\/posts\/5789\/revisions"}],"predecessor-version":[{"id":5791,"href":"https:\/\/ppgecpan.ufms.br\/en\/wp-json\/wp\/v2\/posts\/5789\/revisions\/5791"}],"wp:attachment":[{"href":"https:\/\/ppgecpan.ufms.br\/en\/wp-json\/wp\/v2\/media?parent=5789"}],"wp:term":[{"taxonomy":"category","embeddable":true,"href":"https:\/\/ppgecpan.ufms.br\/en\/wp-json\/wp\/v2\/categories?post=5789"},{"taxonomy":"post_tag","embeddable":true,"href":"https:\/\/ppgecpan.ufms.br\/en\/wp-json\/wp\/v2\/tags?post=5789"},{"taxonomy":"author","embeddable":true,"href":"https:\/\/ppgecpan.ufms.br\/en\/wp-json\/wp\/v2\/coauthors?post=5789"}],"curies":[{"name":"wp","href":"https:\/\/api.w.org\/{rel}","templated":true}]}}