{"id":5995,"date":"2023-04-10T07:36:35","date_gmt":"2023-04-10T11:36:35","guid":{"rendered":"https:\/\/ppgecpan.ufms.br\/?p=5995"},"modified":"2025-06-12T10:28:04","modified_gmt":"2025-06-12T14:28:04","slug":"fabiane-da-silva-ferreira-as-concepcoes-dos-professores-da-educacao-basica-e-da-educacao-especial-sobre-o-uso-das-tic-e-da-tecnologia-assistiva","status":"publish","type":"post","link":"https:\/\/ppgecpan.ufms.br\/en\/fabiane-da-silva-ferreira-as-concepcoes-dos-professores-da-educacao-basica-e-da-educacao-especial-sobre-o-uso-das-tic-e-da-tecnologia-assistiva\/","title":{"rendered":"(Portugu\u00eas do Brasil) FABIANE DA SILVA FERREIRA &#8211; AS CONCEP\u00c7\u00d5ES DOS PROFESSORES DA EDUCA\u00c7\u00c3O B\u00c1SICA E DA EDUCA\u00c7\u00c3O ESPECIAL SOBRE O USO DAS TIC E DA TECNOLOGIA ASSISTIVA"},"content":{"rendered":"<p class=\"qtranxs-available-languages-message qtranxs-available-languages-message-en\">Sorry, this entry is only available in <a href=\"https:\/\/ppgecpan.ufms.br\/pb\/wp-json\/wp\/v2\/posts\/5995\" class=\"qtranxs-available-language-link qtranxs-available-language-link-pb\" title=\"Portugu\u00eas do Brasil\">Portugu\u00eas do Brasil<\/a>.<\/p>","protected":false},"excerpt":{"rendered":"<p>Sorry, this entry is only available in Portugu\u00eas do Brasil.<\/p>\n","protected":false},"author":45791,"featured_media":0,"comment_status":"closed","ping_status":"open","sticky":false,"template":"","format":"standard","meta":{"footnotes":""},"categories":[69,8],"tags":[],"coauthors":[],"class_list":["post-5995","post","type-post","status-publish","format-standard","hentry","category-69","category-dissertacoes"],"_links":{"self":[{"href":"https:\/\/ppgecpan.ufms.br\/en\/wp-json\/wp\/v2\/posts\/5995","targetHints":{"allow":["GET"]}}],"collection":[{"href":"https:\/\/ppgecpan.ufms.br\/en\/wp-json\/wp\/v2\/posts"}],"about":[{"href":"https:\/\/ppgecpan.ufms.br\/en\/wp-json\/wp\/v2\/types\/post"}],"author":[{"embeddable":true,"href":"https:\/\/ppgecpan.ufms.br\/en\/wp-json\/wp\/v2\/users\/45791"}],"replies":[{"embeddable":true,"href":"https:\/\/ppgecpan.ufms.br\/en\/wp-json\/wp\/v2\/comments?post=5995"}],"version-history":[{"count":2,"href":"https:\/\/ppgecpan.ufms.br\/en\/wp-json\/wp\/v2\/posts\/5995\/revisions"}],"predecessor-version":[{"id":7699,"href":"https:\/\/ppgecpan.ufms.br\/en\/wp-json\/wp\/v2\/posts\/5995\/revisions\/7699"}],"wp:attachment":[{"href":"https:\/\/ppgecpan.ufms.br\/en\/wp-json\/wp\/v2\/media?parent=5995"}],"wp:term":[{"taxonomy":"category","embeddable":true,"href":"https:\/\/ppgecpan.ufms.br\/en\/wp-json\/wp\/v2\/categories?post=5995"},{"taxonomy":"post_tag","embeddable":true,"href":"https:\/\/ppgecpan.ufms.br\/en\/wp-json\/wp\/v2\/tags?post=5995"},{"taxonomy":"author","embeddable":true,"href":"https:\/\/ppgecpan.ufms.br\/en\/wp-json\/wp\/v2\/coauthors?post=5995"}],"curies":[{"name":"wp","href":"https:\/\/api.w.org\/{rel}","templated":true}]}}