{"id":602,"date":"2013-11-29T13:01:59","date_gmt":"2013-11-29T17:01:59","guid":{"rendered":"http:\/\/ppgecpan.draconis.ufms.br\/?p=602"},"modified":"2016-02-19T16:01:53","modified_gmt":"2016-02-19T20:01:53","slug":"horario-de-bancas-de-arguicao-de-projeto-e-curriculo-mestrado-2014","status":"publish","type":"post","link":"https:\/\/ppgecpan.ufms.br\/en\/horario-de-bancas-de-arguicao-de-projeto-e-curriculo-mestrado-2014\/","title":{"rendered":"Hor\u00e1rio de Bancas de argui\u00e7\u00e3o de projeto e curr\u00edculo &#8211; Mestrado 2014"},"content":{"rendered":"<p>Todos os candidatos devem comparecer 15 minutos antes do hor\u00e1rio abaixo determinado<\/p>\n<p>&nbsp;<\/p>\n<h2>Banca: Quita-feira, 05\/12\/2013, manh\u00e3 \u2013 sala 102 \u2013 Bloco H \u2013 8:00<\/h2>\n<p>Guilherme Afonso M. de Barros Marins<\/p>\n<p>Eiza N\u00e1dela Bassoli<\/p>\n<p>Francy Laura de Moraes<\/p>\n<p>Leize Lima de Oliveira<\/p>\n<p>Jeane Dos Santos Silva Viana<\/p>\n<p>Marcelo Messias Rondon<\/p>\n<p>Nivaldo Nogueira de \u00c1vila<\/p>\n<p>Clariane Siqueira Bispo Wounnsoscky<\/p>\n<p>&nbsp;<\/p>\n<p>&nbsp;<\/p>\n<h2>Banca: Quinta-feira, 05\/12\/2013, manh\u00e3 &#8211; sala 104 \u2013 Bloco H \u2013 8:00<\/h2>\n<p>Itamar Porto<\/p>\n<p>Lilian Cristina Salles da Cruz<\/p>\n<p>Simone de Castro Morgado Quagliane<\/p>\n<p>Geraldo Garbelini Neto<\/p>\n<p>Dalete de Souza Salles<\/p>\n<p>Daniana Camila Vilalva<\/p>\n<p>Maria de F\u00e1tima Ribeiro<\/p>\n<p>Renata Kerr de Souza<\/p>\n<p>&nbsp;<\/p>\n<h2>Banca: sexta-feira, 06\/12\/2013, manh\u00e3 \u2013 sala 102 \u2013 Bloco H \u2013 8:00<\/h2>\n<p>Gis\u00e9lia de Jesus Dias Pereira Alexandre<\/p>\n<p>Marcia Cristina Capistrano da Rosa<\/p>\n<p>Eliane Ceri Assis Santana<\/p>\n<p>Priscila Souza Damazio<\/p>\n<p>Amanda Czernisz Barbosa<\/p>\n<p>Gisley Monteiro De Monteiro<\/p>\n<p>Gerson de Arruda<\/p>\n<p>Priscila Ramos Toledo<\/p>\n<p>&nbsp;<\/p>\n<h2>Banca: sexta-feira, 06\/12\/2013, noite \u2013 sala 102 \u2013 Bloco H \u2013 18:00<\/h2>\n<p>Liliana Gon\u00e7alves P. de Moraes<\/p>\n<p>La\u00eds Paula Freitas dos Santos<\/p>\n<p>Jusley Monteiro de Souza<\/p>\n","protected":false},"excerpt":{"rendered":"<p>Todos os candidatos devem comparecer 15 minutos antes do hor\u00e1rio abaixo determinado &nbsp; Banca: Quita-feira, 05\/12\/2013, manh\u00e3 \u2013 sala 102 \u2013 Bloco H \u2013 8:00 Guilherme Afonso M. de Barros Marins Eiza N\u00e1dela Bassoli Francy Laura de Moraes Leize Lima de Oliveira Jeane Dos Santos Silva Viana Marcelo Messias Rondon Nivaldo Nogueira de \u00c1vila Clariane [&hellip;]<\/p>\n","protected":false},"author":18799,"featured_media":108,"comment_status":"closed","ping_status":"open","sticky":false,"template":"","format":"standard","meta":{"footnotes":""},"categories":[1],"tags":[],"coauthors":[],"class_list":["post-602","post","type-post","status-publish","format-standard","has-post-thumbnail","hentry","category-noticias"],"_links":{"self":[{"href":"https:\/\/ppgecpan.ufms.br\/en\/wp-json\/wp\/v2\/posts\/602","targetHints":{"allow":["GET"]}}],"collection":[{"href":"https:\/\/ppgecpan.ufms.br\/en\/wp-json\/wp\/v2\/posts"}],"about":[{"href":"https:\/\/ppgecpan.ufms.br\/en\/wp-json\/wp\/v2\/types\/post"}],"author":[{"embeddable":true,"href":"https:\/\/ppgecpan.ufms.br\/en\/wp-json\/wp\/v2\/users\/18799"}],"replies":[{"embeddable":true,"href":"https:\/\/ppgecpan.ufms.br\/en\/wp-json\/wp\/v2\/comments?post=602"}],"version-history":[{"count":1,"href":"https:\/\/ppgecpan.ufms.br\/en\/wp-json\/wp\/v2\/posts\/602\/revisions"}],"predecessor-version":[{"id":603,"href":"https:\/\/ppgecpan.ufms.br\/en\/wp-json\/wp\/v2\/posts\/602\/revisions\/603"}],"wp:featuredmedia":[{"embeddable":true,"href":"https:\/\/ppgecpan.ufms.br\/en\/wp-json\/wp\/v2\/media\/108"}],"wp:attachment":[{"href":"https:\/\/ppgecpan.ufms.br\/en\/wp-json\/wp\/v2\/media?parent=602"}],"wp:term":[{"taxonomy":"category","embeddable":true,"href":"https:\/\/ppgecpan.ufms.br\/en\/wp-json\/wp\/v2\/categories?post=602"},{"taxonomy":"post_tag","embeddable":true,"href":"https:\/\/ppgecpan.ufms.br\/en\/wp-json\/wp\/v2\/tags?post=602"},{"taxonomy":"author","embeddable":true,"href":"https:\/\/ppgecpan.ufms.br\/en\/wp-json\/wp\/v2\/coauthors?post=602"}],"curies":[{"name":"wp","href":"https:\/\/api.w.org\/{rel}","templated":true}]}}