{"id":6070,"date":"2023-05-24T15:54:39","date_gmt":"2023-05-24T19:54:39","guid":{"rendered":"https:\/\/ppgecpan.ufms.br\/?p=6070"},"modified":"2025-06-12T10:28:04","modified_gmt":"2025-06-12T14:28:04","slug":"larissa-angelini-de-andrade-gianvecchio-a-verticalizacao-das-mulheres-em-profissoes-vistas-socialmente-como-masculinas-no-instituto-federal-de-mato-grosso-do-sul-campus-de-corumba","status":"publish","type":"post","link":"https:\/\/ppgecpan.ufms.br\/en\/larissa-angelini-de-andrade-gianvecchio-a-verticalizacao-das-mulheres-em-profissoes-vistas-socialmente-como-masculinas-no-instituto-federal-de-mato-grosso-do-sul-campus-de-corumba\/","title":{"rendered":"(Portugu\u00eas do Brasil) LARISSA ANGELINI DE ANDRADE GIANVECCHIO &#8211; A VERTICALIZA\u00c7\u00c3O DAS MULHERES EM PROFISS\u00d5ES VISTAS SOCIALMENTE COMO MASCULINAS NO INSTITUTO FEDERAL DE MATO GROSSO DO SUL, CAMPUS DE CORUMB\u00c1"},"content":{"rendered":"<p class=\"qtranxs-available-languages-message qtranxs-available-languages-message-en\">Sorry, this entry is only available in <a href=\"https:\/\/ppgecpan.ufms.br\/pb\/wp-json\/wp\/v2\/posts\/6070\" class=\"qtranxs-available-language-link qtranxs-available-language-link-pb\" title=\"Portugu\u00eas do Brasil\">Portugu\u00eas do Brasil<\/a>.<\/p>","protected":false},"excerpt":{"rendered":"<p>Sorry, this entry is only available in Portugu\u00eas do Brasil.<\/p>\n","protected":false},"author":45791,"featured_media":0,"comment_status":"closed","ping_status":"open","sticky":false,"template":"","format":"standard","meta":{"footnotes":""},"categories":[77,8],"tags":[],"coauthors":[],"class_list":["post-6070","post","type-post","status-publish","format-standard","hentry","category-77","category-dissertacoes"],"_links":{"self":[{"href":"https:\/\/ppgecpan.ufms.br\/en\/wp-json\/wp\/v2\/posts\/6070","targetHints":{"allow":["GET"]}}],"collection":[{"href":"https:\/\/ppgecpan.ufms.br\/en\/wp-json\/wp\/v2\/posts"}],"about":[{"href":"https:\/\/ppgecpan.ufms.br\/en\/wp-json\/wp\/v2\/types\/post"}],"author":[{"embeddable":true,"href":"https:\/\/ppgecpan.ufms.br\/en\/wp-json\/wp\/v2\/users\/45791"}],"replies":[{"embeddable":true,"href":"https:\/\/ppgecpan.ufms.br\/en\/wp-json\/wp\/v2\/comments?post=6070"}],"version-history":[{"count":3,"href":"https:\/\/ppgecpan.ufms.br\/en\/wp-json\/wp\/v2\/posts\/6070\/revisions"}],"predecessor-version":[{"id":7692,"href":"https:\/\/ppgecpan.ufms.br\/en\/wp-json\/wp\/v2\/posts\/6070\/revisions\/7692"}],"wp:attachment":[{"href":"https:\/\/ppgecpan.ufms.br\/en\/wp-json\/wp\/v2\/media?parent=6070"}],"wp:term":[{"taxonomy":"category","embeddable":true,"href":"https:\/\/ppgecpan.ufms.br\/en\/wp-json\/wp\/v2\/categories?post=6070"},{"taxonomy":"post_tag","embeddable":true,"href":"https:\/\/ppgecpan.ufms.br\/en\/wp-json\/wp\/v2\/tags?post=6070"},{"taxonomy":"author","embeddable":true,"href":"https:\/\/ppgecpan.ufms.br\/en\/wp-json\/wp\/v2\/coauthors?post=6070"}],"curies":[{"name":"wp","href":"https:\/\/api.w.org\/{rel}","templated":true}]}}