{"id":6100,"date":"2023-05-24T16:23:41","date_gmt":"2023-05-24T20:23:41","guid":{"rendered":"https:\/\/ppgecpan.ufms.br\/?p=6100"},"modified":"2025-06-12T10:28:03","modified_gmt":"2025-06-12T14:28:03","slug":"ananda-de-souza-mendes-as-criticas-ao-ensino-remoto-nas-falas-de-docentes-de-uma-escola-publica-de-corumba-ms-no-contexto-pandemico","status":"publish","type":"post","link":"https:\/\/ppgecpan.ufms.br\/en\/ananda-de-souza-mendes-as-criticas-ao-ensino-remoto-nas-falas-de-docentes-de-uma-escola-publica-de-corumba-ms-no-contexto-pandemico\/","title":{"rendered":"(Portugu\u00eas do Brasil) Ananda de Souza Mendes &#8211; AS CR\u00cdTICAS AO ENSINO REMOTO NAS FALAS DE DOCENTES DE UMA ESCOLA P\u00daBLICA DE CORUMB\u00c1-MS NO CONTEXTO PAND\u00caMICO"},"content":{"rendered":"<p class=\"qtranxs-available-languages-message qtranxs-available-languages-message-en\">Sorry, this entry is only available in <a href=\"https:\/\/ppgecpan.ufms.br\/pb\/wp-json\/wp\/v2\/posts\/6100\" class=\"qtranxs-available-language-link qtranxs-available-language-link-pb\" title=\"Portugu\u00eas do Brasil\">Portugu\u00eas do Brasil<\/a>.<\/p>","protected":false},"excerpt":{"rendered":"<p>Sorry, this entry is only available in Portugu\u00eas do Brasil.<\/p>\n","protected":false},"author":45791,"featured_media":0,"comment_status":"closed","ping_status":"open","sticky":false,"template":"","format":"standard","meta":{"footnotes":""},"categories":[80,8],"tags":[],"coauthors":[],"class_list":["post-6100","post","type-post","status-publish","format-standard","hentry","category-80","category-dissertacoes"],"_links":{"self":[{"href":"https:\/\/ppgecpan.ufms.br\/en\/wp-json\/wp\/v2\/posts\/6100","targetHints":{"allow":["GET"]}}],"collection":[{"href":"https:\/\/ppgecpan.ufms.br\/en\/wp-json\/wp\/v2\/posts"}],"about":[{"href":"https:\/\/ppgecpan.ufms.br\/en\/wp-json\/wp\/v2\/types\/post"}],"author":[{"embeddable":true,"href":"https:\/\/ppgecpan.ufms.br\/en\/wp-json\/wp\/v2\/users\/45791"}],"replies":[{"embeddable":true,"href":"https:\/\/ppgecpan.ufms.br\/en\/wp-json\/wp\/v2\/comments?post=6100"}],"version-history":[{"count":2,"href":"https:\/\/ppgecpan.ufms.br\/en\/wp-json\/wp\/v2\/posts\/6100\/revisions"}],"predecessor-version":[{"id":7685,"href":"https:\/\/ppgecpan.ufms.br\/en\/wp-json\/wp\/v2\/posts\/6100\/revisions\/7685"}],"wp:attachment":[{"href":"https:\/\/ppgecpan.ufms.br\/en\/wp-json\/wp\/v2\/media?parent=6100"}],"wp:term":[{"taxonomy":"category","embeddable":true,"href":"https:\/\/ppgecpan.ufms.br\/en\/wp-json\/wp\/v2\/categories?post=6100"},{"taxonomy":"post_tag","embeddable":true,"href":"https:\/\/ppgecpan.ufms.br\/en\/wp-json\/wp\/v2\/tags?post=6100"},{"taxonomy":"author","embeddable":true,"href":"https:\/\/ppgecpan.ufms.br\/en\/wp-json\/wp\/v2\/coauthors?post=6100"}],"curies":[{"name":"wp","href":"https:\/\/api.w.org\/{rel}","templated":true}]}}