{"id":629,"date":"2014-02-04T13:31:27","date_gmt":"2014-02-04T17:31:27","guid":{"rendered":"http:\/\/ppgecpan.draconis.ufms.br\/?p=629"},"modified":"2014-02-04T13:50:11","modified_gmt":"2014-02-04T17:50:11","slug":"processo-seletivo-alunos-especiais","status":"publish","type":"post","link":"https:\/\/ppgecpan.ufms.br\/en\/processo-seletivo-alunos-especiais\/","title":{"rendered":"Alunos especiais 2014\/1"},"content":{"rendered":"<p>&nbsp;<\/p>\n<table width=\"576\" border=\"1\" cellspacing=\"0\" cellpadding=\"0\">\n<tbody>\n<tr>\n<td width=\"302\"><b>\u00a0<\/b><b>Pesquisa em Educa\u00e7\u00e3o<\/b><b>Obrigat\u00f3ria<\/b><b>Sexta-feira (quinzenal-manh\u00e3\/tarde)<\/b><b>01 vaga para alunos de outros programas<\/b><\/td>\n<td width=\"274\"><b>M\u00f4nica de Carvalho Magalh\u00e3es Kassar<\/b><b>\u00a0<\/b><\/td>\n<\/tr>\n<tr>\n<td width=\"302\"><b>Fundamentos Hist\u00f3rico-Filos\u00f3ficos da Educa\u00e7\u00e3o<\/b><b>Sexta-feira (quinzenal manh\u00e3\/tarde)<\/b><b>Obrigat\u00f3ria<\/b><b>N\u00e3o aceita alunos especiais nem de outros PPGs<\/b><\/td>\n<td width=\"274\"><b>Anamaria Santana da Silva<\/b><b>Edelir Salom\u00e3o Garcia<\/b><b>Isabella Fernanda Ferreira<\/b><b>\u00a0<\/b><\/td>\n<\/tr>\n<tr>\n<td width=\"302\"><b>Educa\u00e7\u00e3o , Trabalho e Hegemonia<\/b><b>Optativa<\/b><b>Semanal \u2013 (Quinta-feira)Vespertino<\/b><b>Local: Unidade III (alf\u00e2ndega)<\/b><b>Alunos especiais: 03 vagas<\/b><b>Alunos PPGs: 02 vagas<\/b><\/td>\n<td width=\"274\"><b>Fabiano Antonio dos Santos<\/b><\/td>\n<\/tr>\n<tr>\n<td width=\"302\"><b>Inf\u00e2ncia e Letramento <\/b><b>Segunda-feira-Vespertino <\/b><b>Disciplina ministrada em\u00a0 CAMPO GRANDE<\/b><b>Alunos especiais \u2013 5 vagas<\/b><b>PPGs \u2013 5 vagas<\/b><b>Optativa<\/b><\/td>\n<td width=\"274\"><b>Regina Aparecida Marques de Souza<\/b><b>Ana L\u00facia Esp\u00edndola<\/b><\/td>\n<\/tr>\n<tr>\n<td width=\"302\"><b>Educa\u00e7\u00e3o e Institui\u00e7\u00f5es Sociais<\/b><b>Ter\u00e7a-feira \u2013 Matutino<\/b><b>Optativa<\/b><b>\u00a0Local: Unidade III<\/b><b>N\u00e3o aceita alunos especiais<\/b><\/td>\n<td width=\"274\"><b>Edelir Salom\u00e3o Garcia<\/b><\/td>\n<\/tr>\n<\/tbody>\n<\/table>\n<p>&nbsp;<\/p>\n<p>&#8211; As inscri\u00e7\u00f5es dever\u00e3o ser enviadas para o email <a href=\"mailto:ppge@cpan.ufms.br\">ppge@cpan.ufms.br<\/a> Os documentos para a inscri\u00e7\u00e3o s\u00e3o: formul\u00e1rio (<a title=\"Processo seletivo alunos especiais\" href=\"http:\/\/ppgecpan.draconis.ufms.br\/arquivo\/629\">http:\/\/cpan.ufms.br\/old\/includes\/Archive\/educsocial\/formularios\/requerimento_aluno_especial.doc<\/a>) dispon\u00edvel tamb\u00e9m na p\u00e1gina do ppge, aba formul\u00e1rios) e o curr\u00edculo Lattes.<\/p>\n<p>&nbsp;<\/p>\n","protected":false},"excerpt":{"rendered":"<p>&nbsp; \u00a0Pesquisa em Educa\u00e7\u00e3oObrigat\u00f3riaSexta-feira (quinzenal-manh\u00e3\/tarde)01 vaga para alunos de outros programas M\u00f4nica de Carvalho Magalh\u00e3es Kassar\u00a0 Fundamentos Hist\u00f3rico-Filos\u00f3ficos da Educa\u00e7\u00e3oSexta-feira (quinzenal manh\u00e3\/tarde)Obrigat\u00f3riaN\u00e3o aceita alunos especiais nem de outros PPGs Anamaria Santana da SilvaEdelir Salom\u00e3o GarciaIsabella Fernanda Ferreira\u00a0 Educa\u00e7\u00e3o , Trabalho e HegemoniaOptativaSemanal \u2013 (Quinta-feira)VespertinoLocal: Unidade III (alf\u00e2ndega)Alunos especiais: 03 vagasAlunos PPGs: 02 vagas Fabiano Antonio [&hellip;]<\/p>\n","protected":false},"author":18799,"featured_media":0,"comment_status":"closed","ping_status":"open","sticky":false,"template":"","format":"standard","meta":{"footnotes":""},"categories":[29],"tags":[],"coauthors":[],"class_list":["post-629","post","type-post","status-publish","format-standard","hentry","category-novidades"],"_links":{"self":[{"href":"https:\/\/ppgecpan.ufms.br\/en\/wp-json\/wp\/v2\/posts\/629","targetHints":{"allow":["GET"]}}],"collection":[{"href":"https:\/\/ppgecpan.ufms.br\/en\/wp-json\/wp\/v2\/posts"}],"about":[{"href":"https:\/\/ppgecpan.ufms.br\/en\/wp-json\/wp\/v2\/types\/post"}],"author":[{"embeddable":true,"href":"https:\/\/ppgecpan.ufms.br\/en\/wp-json\/wp\/v2\/users\/18799"}],"replies":[{"embeddable":true,"href":"https:\/\/ppgecpan.ufms.br\/en\/wp-json\/wp\/v2\/comments?post=629"}],"version-history":[{"count":7,"href":"https:\/\/ppgecpan.ufms.br\/en\/wp-json\/wp\/v2\/posts\/629\/revisions"}],"predecessor-version":[{"id":646,"href":"https:\/\/ppgecpan.ufms.br\/en\/wp-json\/wp\/v2\/posts\/629\/revisions\/646"}],"wp:attachment":[{"href":"https:\/\/ppgecpan.ufms.br\/en\/wp-json\/wp\/v2\/media?parent=629"}],"wp:term":[{"taxonomy":"category","embeddable":true,"href":"https:\/\/ppgecpan.ufms.br\/en\/wp-json\/wp\/v2\/categories?post=629"},{"taxonomy":"post_tag","embeddable":true,"href":"https:\/\/ppgecpan.ufms.br\/en\/wp-json\/wp\/v2\/tags?post=629"},{"taxonomy":"author","embeddable":true,"href":"https:\/\/ppgecpan.ufms.br\/en\/wp-json\/wp\/v2\/coauthors?post=629"}],"curies":[{"name":"wp","href":"https:\/\/api.w.org\/{rel}","templated":true}]}}