{"id":6306,"date":"2023-07-14T15:48:32","date_gmt":"2023-07-14T19:48:32","guid":{"rendered":"https:\/\/ppgecpan.ufms.br\/?p=6306"},"modified":"2025-06-12T10:28:03","modified_gmt":"2025-06-12T14:28:03","slug":"felix-matias-politicas-de-alfabetizacao-e-educacao-de-jovens-e-adultos-em-mocambique-uma-analise-sobre-a-concepcao-dos-programas-de-eja-na-provincia-de-nampula","status":"publish","type":"post","link":"https:\/\/ppgecpan.ufms.br\/en\/felix-matias-politicas-de-alfabetizacao-e-educacao-de-jovens-e-adultos-em-mocambique-uma-analise-sobre-a-concepcao-dos-programas-de-eja-na-provincia-de-nampula\/","title":{"rendered":"(Portugu\u00eas do Brasil) F\u00c9LIX MATIAS &#8211; POL\u00cdTICAS DE ALFABETIZA\u00c7\u00c3O E EDUCA\u00c7\u00c3O DE JOVENS E ADULTOS EM MO\u00c7AMBIQUE: uma an\u00e1lise sobre a concep\u00e7\u00e3o dos programas de EJA na Prov\u00edncia de Nampula"},"content":{"rendered":"<p class=\"qtranxs-available-languages-message qtranxs-available-languages-message-en\">Sorry, this entry is only available in <a href=\"https:\/\/ppgecpan.ufms.br\/pb\/wp-json\/wp\/v2\/posts\/6306\" class=\"qtranxs-available-language-link qtranxs-available-language-link-pb\" title=\"Portugu\u00eas do Brasil\">Portugu\u00eas do Brasil<\/a>.<\/p>","protected":false},"excerpt":{"rendered":"<p>Sorry, this entry is only available in Portugu\u00eas do Brasil.<\/p>\n","protected":false},"author":45791,"featured_media":0,"comment_status":"closed","ping_status":"open","sticky":false,"template":"","format":"standard","meta":{"footnotes":""},"categories":[76,8],"tags":[],"coauthors":[],"class_list":["post-6306","post","type-post","status-publish","format-standard","hentry","category-76","category-dissertacoes"],"_links":{"self":[{"href":"https:\/\/ppgecpan.ufms.br\/en\/wp-json\/wp\/v2\/posts\/6306","targetHints":{"allow":["GET"]}}],"collection":[{"href":"https:\/\/ppgecpan.ufms.br\/en\/wp-json\/wp\/v2\/posts"}],"about":[{"href":"https:\/\/ppgecpan.ufms.br\/en\/wp-json\/wp\/v2\/types\/post"}],"author":[{"embeddable":true,"href":"https:\/\/ppgecpan.ufms.br\/en\/wp-json\/wp\/v2\/users\/45791"}],"replies":[{"embeddable":true,"href":"https:\/\/ppgecpan.ufms.br\/en\/wp-json\/wp\/v2\/comments?post=6306"}],"version-history":[{"count":3,"href":"https:\/\/ppgecpan.ufms.br\/en\/wp-json\/wp\/v2\/posts\/6306\/revisions"}],"predecessor-version":[{"id":7673,"href":"https:\/\/ppgecpan.ufms.br\/en\/wp-json\/wp\/v2\/posts\/6306\/revisions\/7673"}],"wp:attachment":[{"href":"https:\/\/ppgecpan.ufms.br\/en\/wp-json\/wp\/v2\/media?parent=6306"}],"wp:term":[{"taxonomy":"category","embeddable":true,"href":"https:\/\/ppgecpan.ufms.br\/en\/wp-json\/wp\/v2\/categories?post=6306"},{"taxonomy":"post_tag","embeddable":true,"href":"https:\/\/ppgecpan.ufms.br\/en\/wp-json\/wp\/v2\/tags?post=6306"},{"taxonomy":"author","embeddable":true,"href":"https:\/\/ppgecpan.ufms.br\/en\/wp-json\/wp\/v2\/coauthors?post=6306"}],"curies":[{"name":"wp","href":"https:\/\/api.w.org\/{rel}","templated":true}]}}