{"id":6354,"date":"2023-08-31T13:48:00","date_gmt":"2023-08-31T17:48:00","guid":{"rendered":"https:\/\/ppgecpan.ufms.br\/?p=6354"},"modified":"2023-09-22T09:08:49","modified_gmt":"2023-09-22T13:08:49","slug":"altas-habilidades-em-criancas-e-adolescentes-em-situacao-de-acolhimento-uma-experiencia-na-espanha","status":"publish","type":"post","link":"https:\/\/ppgecpan.ufms.br\/en\/altas-habilidades-em-criancas-e-adolescentes-em-situacao-de-acolhimento-uma-experiencia-na-espanha\/","title":{"rendered":"(Portugu\u00eas do Brasil) Altas capacidades em crian\u00e7as e adolescentes em situa\u00e7\u00e3o de acolhimento: uma experi\u00eancia na Espanha"},"content":{"rendered":"<p class=\"qtranxs-available-languages-message qtranxs-available-languages-message-en\">Sorry, this entry is only available in <a href=\"https:\/\/ppgecpan.ufms.br\/pb\/wp-json\/wp\/v2\/posts\/6354\" class=\"qtranxs-available-language-link qtranxs-available-language-link-pb\" title=\"Portugu\u00eas do Brasil\">Portugu\u00eas do Brasil<\/a>.<\/p>","protected":false},"excerpt":{"rendered":"<p>Sorry, this entry is only available in Portugu\u00eas do Brasil.<\/p>\n","protected":false},"author":34892,"featured_media":6355,"comment_status":"closed","ping_status":"open","sticky":false,"template":"","format":"standard","meta":{"footnotes":""},"categories":[10],"tags":[],"coauthors":[],"class_list":["post-6354","post","type-post","status-publish","format-standard","has-post-thumbnail","hentry","category-eventos"],"_links":{"self":[{"href":"https:\/\/ppgecpan.ufms.br\/en\/wp-json\/wp\/v2\/posts\/6354","targetHints":{"allow":["GET"]}}],"collection":[{"href":"https:\/\/ppgecpan.ufms.br\/en\/wp-json\/wp\/v2\/posts"}],"about":[{"href":"https:\/\/ppgecpan.ufms.br\/en\/wp-json\/wp\/v2\/types\/post"}],"author":[{"embeddable":true,"href":"https:\/\/ppgecpan.ufms.br\/en\/wp-json\/wp\/v2\/users\/34892"}],"replies":[{"embeddable":true,"href":"https:\/\/ppgecpan.ufms.br\/en\/wp-json\/wp\/v2\/comments?post=6354"}],"version-history":[{"count":3,"href":"https:\/\/ppgecpan.ufms.br\/en\/wp-json\/wp\/v2\/posts\/6354\/revisions"}],"predecessor-version":[{"id":6359,"href":"https:\/\/ppgecpan.ufms.br\/en\/wp-json\/wp\/v2\/posts\/6354\/revisions\/6359"}],"wp:featuredmedia":[{"embeddable":true,"href":"https:\/\/ppgecpan.ufms.br\/en\/wp-json\/wp\/v2\/media\/6355"}],"wp:attachment":[{"href":"https:\/\/ppgecpan.ufms.br\/en\/wp-json\/wp\/v2\/media?parent=6354"}],"wp:term":[{"taxonomy":"category","embeddable":true,"href":"https:\/\/ppgecpan.ufms.br\/en\/wp-json\/wp\/v2\/categories?post=6354"},{"taxonomy":"post_tag","embeddable":true,"href":"https:\/\/ppgecpan.ufms.br\/en\/wp-json\/wp\/v2\/tags?post=6354"},{"taxonomy":"author","embeddable":true,"href":"https:\/\/ppgecpan.ufms.br\/en\/wp-json\/wp\/v2\/coauthors?post=6354"}],"curies":[{"name":"wp","href":"https:\/\/api.w.org\/{rel}","templated":true}]}}