{"id":6448,"date":"2023-10-05T08:17:31","date_gmt":"2023-10-05T12:17:31","guid":{"rendered":"https:\/\/ppgecpan.ufms.br\/?p=6448"},"modified":"2025-06-12T10:28:02","modified_gmt":"2025-06-12T14:28:02","slug":"janaina-martins-de-carvalho-politica-nacional-de-educacao-permanente-em-saude-efeitos-no-cotidiano-das-profissionais-da-atencao-primaria-em-corumba-ms","status":"publish","type":"post","link":"https:\/\/ppgecpan.ufms.br\/en\/janaina-martins-de-carvalho-politica-nacional-de-educacao-permanente-em-saude-efeitos-no-cotidiano-das-profissionais-da-atencao-primaria-em-corumba-ms\/","title":{"rendered":"(Portugu\u00eas do Brasil) JANA\u00cdNA MARTINS DE CARVALHO &#8211; POL\u00cdTICA NACIONAL DE EDUCA\u00c7\u00c3O PERMANENTE EM SA\u00daDE: EFEITOS NO COTIDIANO DAS PROFISSIONAIS DA ATEN\u00c7\u00c3O PRIM\u00c1RIA EM CORUMB\u00c1-MS"},"content":{"rendered":"<p class=\"qtranxs-available-languages-message qtranxs-available-languages-message-en\">Sorry, this entry is only available in <a href=\"https:\/\/ppgecpan.ufms.br\/pb\/wp-json\/wp\/v2\/posts\/6448\" class=\"qtranxs-available-language-link qtranxs-available-language-link-pb\" title=\"Portugu\u00eas do Brasil\">Portugu\u00eas do Brasil<\/a>.<\/p>","protected":false},"excerpt":{"rendered":"<p>Sorry, this entry is only available in Portugu\u00eas do Brasil.<\/p>\n","protected":false},"author":45791,"featured_media":0,"comment_status":"closed","ping_status":"open","sticky":false,"template":"","format":"standard","meta":{"footnotes":""},"categories":[80,8],"tags":[],"coauthors":[],"class_list":["post-6448","post","type-post","status-publish","format-standard","hentry","category-80","category-dissertacoes"],"_links":{"self":[{"href":"https:\/\/ppgecpan.ufms.br\/en\/wp-json\/wp\/v2\/posts\/6448","targetHints":{"allow":["GET"]}}],"collection":[{"href":"https:\/\/ppgecpan.ufms.br\/en\/wp-json\/wp\/v2\/posts"}],"about":[{"href":"https:\/\/ppgecpan.ufms.br\/en\/wp-json\/wp\/v2\/types\/post"}],"author":[{"embeddable":true,"href":"https:\/\/ppgecpan.ufms.br\/en\/wp-json\/wp\/v2\/users\/45791"}],"replies":[{"embeddable":true,"href":"https:\/\/ppgecpan.ufms.br\/en\/wp-json\/wp\/v2\/comments?post=6448"}],"version-history":[{"count":2,"href":"https:\/\/ppgecpan.ufms.br\/en\/wp-json\/wp\/v2\/posts\/6448\/revisions"}],"predecessor-version":[{"id":7659,"href":"https:\/\/ppgecpan.ufms.br\/en\/wp-json\/wp\/v2\/posts\/6448\/revisions\/7659"}],"wp:attachment":[{"href":"https:\/\/ppgecpan.ufms.br\/en\/wp-json\/wp\/v2\/media?parent=6448"}],"wp:term":[{"taxonomy":"category","embeddable":true,"href":"https:\/\/ppgecpan.ufms.br\/en\/wp-json\/wp\/v2\/categories?post=6448"},{"taxonomy":"post_tag","embeddable":true,"href":"https:\/\/ppgecpan.ufms.br\/en\/wp-json\/wp\/v2\/tags?post=6448"},{"taxonomy":"author","embeddable":true,"href":"https:\/\/ppgecpan.ufms.br\/en\/wp-json\/wp\/v2\/coauthors?post=6448"}],"curies":[{"name":"wp","href":"https:\/\/api.w.org\/{rel}","templated":true}]}}