{"id":656,"date":"2014-07-05T12:43:41","date_gmt":"2014-07-05T16:43:41","guid":{"rendered":"http:\/\/ppgecpan.draconis.ufms.br\/?p=656"},"modified":"2016-02-19T16:02:18","modified_gmt":"2016-02-19T20:02:18","slug":"horario-disciplinas-20142","status":"publish","type":"post","link":"https:\/\/ppgecpan.ufms.br\/en\/horario-disciplinas-20142\/","title":{"rendered":"Hor\u00e1rio disciplinas 2014\/2"},"content":{"rendered":"<table width=\"576\">\n<tbody>\n<tr>\n<td width=\"302\">Educa\u00e7\u00e3o e Direitos Humanos<\/p>\n<p><strong>Obrigat\u00f3ria\u00a0<\/strong><strong>N\u00e3o aceita aluno especial<\/strong><\/p>\n<p><strong>Hor\u00e1rio: 08:00 \u2013 12:00 e 13:30 \u2013 17:30<\/strong><\/p>\n<p><strong>(quinzenalmente)<\/strong><\/td>\n<td width=\"274\">M\u00f4nica de Carvalho Magalh\u00e3es Kassar<\/td>\n<\/tr>\n<tr>\n<td width=\"302\">Semin\u00e1rio de Pesquisa<\/p>\n<p><strong>Obrigat\u00f3ria\u00a0<\/strong><strong>N\u00e3o aceita aluno especial<\/strong><\/p>\n<p><strong>Hor\u00e1rio: 08:00 \u2013 12:00 e 13:30 \u2013 17:30<\/strong><\/p>\n<p><strong>(quinzenalmente)<\/strong><\/td>\n<td width=\"274\">Fabiano Antonio dos Santos<\/td>\n<\/tr>\n<tr>\n<td width=\"302\">Pol\u00edticas P\u00fablicas para a Inf\u00e2ncia e Adolesc\u00eancia<\/p>\n<p><strong>Optativa<\/strong><\/p>\n<p><strong>Hor\u00e1rio: das 09\u00e0s 12:00 (quarta feira)<\/strong><\/p>\n<p><strong>Alunos especiais: 05 vagas<\/strong><\/td>\n<td width=\"274\">Anamaria Santana da Silva<\/td>\n<\/tr>\n<tr>\n<td width=\"302\">Fundamentos Sociol\u00f3gicos e Educa\u00e7\u00e3o Social<\/p>\n<p><strong>Optativa<\/strong><\/p>\n<p><strong>Hor\u00e1rio: das 13:30 \u00e0s 17:30 ( quinta feira)<\/strong><\/p>\n<p><strong>Alunos Especiais: 02 vagas<\/strong><\/td>\n<td width=\"274\">Isabella Fernanda Ferreira<\/p>\n<p>Tiago Duque<\/td>\n<\/tr>\n<tr>\n<td width=\"302\">Educa\u00e7\u00e3o Especial: Pol\u00edticas, Processo e Pr\u00e1ticas<\/p>\n<p><strong>Optativa\u00a0<\/strong><\/p>\n<p><strong>Hor\u00e1rio: das 08:30 \u00e0s 11:30 e das 13:30 \u00e0s 17:30 ( Ter\u00e7a feira)<\/strong><\/p>\n<p><strong>Alunos especiais: 15 vagas<\/strong><\/td>\n<td width=\"274\">Nesdete Mesquita Corr\u00eaa<\/p>\n<p>Celi Corr\u00eaa Neres<\/td>\n<\/tr>\n<\/tbody>\n<\/table>\n<p>O Calend\u00e1rio de matr\u00edculas encontra-se no site, na aba \u00faltimas not\u00edcias.<\/p>\n<p>&nbsp;<\/p>\n","protected":false},"excerpt":{"rendered":"<p>Educa\u00e7\u00e3o e Direitos Humanos Obrigat\u00f3ria\u00a0N\u00e3o aceita aluno especial Hor\u00e1rio: 08:00 \u2013 12:00 e 13:30 \u2013 17:30 (quinzenalmente) M\u00f4nica de Carvalho Magalh\u00e3es Kassar Semin\u00e1rio de Pesquisa Obrigat\u00f3ria\u00a0N\u00e3o aceita aluno especial Hor\u00e1rio: 08:00 \u2013 12:00 e 13:30 \u2013 17:30 (quinzenalmente) Fabiano Antonio dos Santos Pol\u00edticas P\u00fablicas para a Inf\u00e2ncia e Adolesc\u00eancia Optativa Hor\u00e1rio: das 09\u00e0s 12:00 (quarta [&hellip;]<\/p>\n","protected":false},"author":18799,"featured_media":108,"comment_status":"closed","ping_status":"open","sticky":false,"template":"","format":"standard","meta":{"footnotes":""},"categories":[12,1],"tags":[],"coauthors":[],"class_list":["post-656","post","type-post","status-publish","format-standard","has-post-thumbnail","hentry","category-grade-horaria","category-noticias"],"_links":{"self":[{"href":"https:\/\/ppgecpan.ufms.br\/en\/wp-json\/wp\/v2\/posts\/656","targetHints":{"allow":["GET"]}}],"collection":[{"href":"https:\/\/ppgecpan.ufms.br\/en\/wp-json\/wp\/v2\/posts"}],"about":[{"href":"https:\/\/ppgecpan.ufms.br\/en\/wp-json\/wp\/v2\/types\/post"}],"author":[{"embeddable":true,"href":"https:\/\/ppgecpan.ufms.br\/en\/wp-json\/wp\/v2\/users\/18799"}],"replies":[{"embeddable":true,"href":"https:\/\/ppgecpan.ufms.br\/en\/wp-json\/wp\/v2\/comments?post=656"}],"version-history":[{"count":6,"href":"https:\/\/ppgecpan.ufms.br\/en\/wp-json\/wp\/v2\/posts\/656\/revisions"}],"predecessor-version":[{"id":828,"href":"https:\/\/ppgecpan.ufms.br\/en\/wp-json\/wp\/v2\/posts\/656\/revisions\/828"}],"wp:featuredmedia":[{"embeddable":true,"href":"https:\/\/ppgecpan.ufms.br\/en\/wp-json\/wp\/v2\/media\/108"}],"wp:attachment":[{"href":"https:\/\/ppgecpan.ufms.br\/en\/wp-json\/wp\/v2\/media?parent=656"}],"wp:term":[{"taxonomy":"category","embeddable":true,"href":"https:\/\/ppgecpan.ufms.br\/en\/wp-json\/wp\/v2\/categories?post=656"},{"taxonomy":"post_tag","embeddable":true,"href":"https:\/\/ppgecpan.ufms.br\/en\/wp-json\/wp\/v2\/tags?post=656"},{"taxonomy":"author","embeddable":true,"href":"https:\/\/ppgecpan.ufms.br\/en\/wp-json\/wp\/v2\/coauthors?post=656"}],"curies":[{"name":"wp","href":"https:\/\/api.w.org\/{rel}","templated":true}]}}