{"id":6593,"date":"2023-12-05T10:53:24","date_gmt":"2023-12-05T14:53:24","guid":{"rendered":"https:\/\/ppgecpan.ufms.br\/?p=6593"},"modified":"2023-12-05T10:53:24","modified_gmt":"2023-12-05T14:53:24","slug":"hugo-augusto-turaca-leandro-a-presenca-ainda-incomum-do-homem-nos-ambientes-da-educacao-infantil-motivacoes-para-ingresso-e-permanencia-de-profissionais-de-campo-grande-ms","status":"publish","type":"post","link":"https:\/\/ppgecpan.ufms.br\/en\/hugo-augusto-turaca-leandro-a-presenca-ainda-incomum-do-homem-nos-ambientes-da-educacao-infantil-motivacoes-para-ingresso-e-permanencia-de-profissionais-de-campo-grande-ms\/","title":{"rendered":"(Portugu\u00eas do Brasil) HUGO AUGUSTO TURA\u00c7A LEANDRO &#8211; A PRESEN\u00c7A AINDA INCOMUM DO HOMEM NOS AMBIENTES DA EDUCA\u00c7\u00c3O INFANTIL: MOTIVA\u00c7\u00d5ES PARA INGRESSO E PERMAN\u00caNCIA DE PROFISSIONAIS DE CAMPO GRANDE-MS"},"content":{"rendered":"<p class=\"qtranxs-available-languages-message qtranxs-available-languages-message-en\">Sorry, this entry is only available in <a href=\"https:\/\/ppgecpan.ufms.br\/pb\/wp-json\/wp\/v2\/posts\/6593\" class=\"qtranxs-available-language-link qtranxs-available-language-link-pb\" title=\"Portugu\u00eas do Brasil\">Portugu\u00eas do Brasil<\/a>.<\/p>","protected":false},"excerpt":{"rendered":"<p>Sorry, this entry is only available in Portugu\u00eas do Brasil.<\/p>\n","protected":false},"author":45791,"featured_media":0,"comment_status":"closed","ping_status":"open","sticky":false,"template":"","format":"standard","meta":{"footnotes":""},"categories":[80,8],"tags":[],"coauthors":[],"class_list":["post-6593","post","type-post","status-publish","format-standard","hentry","category-80","category-dissertacoes"],"_links":{"self":[{"href":"https:\/\/ppgecpan.ufms.br\/en\/wp-json\/wp\/v2\/posts\/6593","targetHints":{"allow":["GET"]}}],"collection":[{"href":"https:\/\/ppgecpan.ufms.br\/en\/wp-json\/wp\/v2\/posts"}],"about":[{"href":"https:\/\/ppgecpan.ufms.br\/en\/wp-json\/wp\/v2\/types\/post"}],"author":[{"embeddable":true,"href":"https:\/\/ppgecpan.ufms.br\/en\/wp-json\/wp\/v2\/users\/45791"}],"replies":[{"embeddable":true,"href":"https:\/\/ppgecpan.ufms.br\/en\/wp-json\/wp\/v2\/comments?post=6593"}],"version-history":[{"count":1,"href":"https:\/\/ppgecpan.ufms.br\/en\/wp-json\/wp\/v2\/posts\/6593\/revisions"}],"predecessor-version":[{"id":6594,"href":"https:\/\/ppgecpan.ufms.br\/en\/wp-json\/wp\/v2\/posts\/6593\/revisions\/6594"}],"wp:attachment":[{"href":"https:\/\/ppgecpan.ufms.br\/en\/wp-json\/wp\/v2\/media?parent=6593"}],"wp:term":[{"taxonomy":"category","embeddable":true,"href":"https:\/\/ppgecpan.ufms.br\/en\/wp-json\/wp\/v2\/categories?post=6593"},{"taxonomy":"post_tag","embeddable":true,"href":"https:\/\/ppgecpan.ufms.br\/en\/wp-json\/wp\/v2\/tags?post=6593"},{"taxonomy":"author","embeddable":true,"href":"https:\/\/ppgecpan.ufms.br\/en\/wp-json\/wp\/v2\/coauthors?post=6593"}],"curies":[{"name":"wp","href":"https:\/\/api.w.org\/{rel}","templated":true}]}}