{"id":6762,"date":"2024-02-23T14:43:42","date_gmt":"2024-02-23T18:43:42","guid":{"rendered":"https:\/\/ppgecpan.ufms.br\/?p=6762"},"modified":"2024-02-23T14:43:42","modified_gmt":"2024-02-23T18:43:42","slug":"xiii-coloquios-sobre-avaliacao-e-qualidade-de-ensino-tres-decadas-de-experiencias-na-america-latina","status":"publish","type":"post","link":"https:\/\/ppgecpan.ufms.br\/en\/xiii-coloquios-sobre-avaliacao-e-qualidade-de-ensino-tres-decadas-de-experiencias-na-america-latina\/","title":{"rendered":"(Portugu\u00eas do Brasil) XIII COL\u00d3QUIOS SOBRE AVALIA\u00c7\u00c3O E QUALIDADE DE ENSINO: TR\u00caS D\u00c9CADAS DE EXPERI\u00caNCIAS NA AM\u00c9RICA LATINA"},"content":{"rendered":"","protected":false},"excerpt":{"rendered":"","protected":false},"author":45791,"featured_media":6764,"comment_status":"closed","ping_status":"open","sticky":false,"template":"","format":"standard","meta":{"footnotes":""},"categories":[10,39],"tags":[],"coauthors":[],"class_list":["post-6762","post","type-post","status-publish","format-standard","has-post-thumbnail","hentry","category-eventos","category-eventos-externos"],"_links":{"self":[{"href":"https:\/\/ppgecpan.ufms.br\/en\/wp-json\/wp\/v2\/posts\/6762","targetHints":{"allow":["GET"]}}],"collection":[{"href":"https:\/\/ppgecpan.ufms.br\/en\/wp-json\/wp\/v2\/posts"}],"about":[{"href":"https:\/\/ppgecpan.ufms.br\/en\/wp-json\/wp\/v2\/types\/post"}],"author":[{"embeddable":true,"href":"https:\/\/ppgecpan.ufms.br\/en\/wp-json\/wp\/v2\/users\/45791"}],"replies":[{"embeddable":true,"href":"https:\/\/ppgecpan.ufms.br\/en\/wp-json\/wp\/v2\/comments?post=6762"}],"version-history":[{"count":1,"href":"https:\/\/ppgecpan.ufms.br\/en\/wp-json\/wp\/v2\/posts\/6762\/revisions"}],"predecessor-version":[{"id":6765,"href":"https:\/\/ppgecpan.ufms.br\/en\/wp-json\/wp\/v2\/posts\/6762\/revisions\/6765"}],"wp:featuredmedia":[{"embeddable":true,"href":"https:\/\/ppgecpan.ufms.br\/en\/wp-json\/wp\/v2\/media\/6764"}],"wp:attachment":[{"href":"https:\/\/ppgecpan.ufms.br\/en\/wp-json\/wp\/v2\/media?parent=6762"}],"wp:term":[{"taxonomy":"category","embeddable":true,"href":"https:\/\/ppgecpan.ufms.br\/en\/wp-json\/wp\/v2\/categories?post=6762"},{"taxonomy":"post_tag","embeddable":true,"href":"https:\/\/ppgecpan.ufms.br\/en\/wp-json\/wp\/v2\/tags?post=6762"},{"taxonomy":"author","embeddable":true,"href":"https:\/\/ppgecpan.ufms.br\/en\/wp-json\/wp\/v2\/coauthors?post=6762"}],"curies":[{"name":"wp","href":"https:\/\/api.w.org\/{rel}","templated":true}]}}