{"id":687,"date":"2014-08-19T10:15:47","date_gmt":"2014-08-19T14:15:47","guid":{"rendered":"http:\/\/ppgecpan.draconis.ufms.br\/?p=687"},"modified":"2016-02-19T16:02:30","modified_gmt":"2016-02-19T20:02:30","slug":"resultado-alunos-especiais","status":"publish","type":"post","link":"https:\/\/ppgecpan.ufms.br\/en\/resultado-alunos-especiais\/","title":{"rendered":"Resultado alunos especiais"},"content":{"rendered":"<p><strong>Rela\u00e7\u00e3o de Alunos Especiais aprovados 2014-2<\/strong><\/p>\n<p><strong>\u00a0<\/strong><\/p>\n<p><strong>Disciplina Especial: Adolesc\u00eancia, sexualidade, g\u00eanero e educa\u00e7\u00e3o.<\/strong><\/p>\n<p><strong>\u00a0<\/strong><\/p>\n<p><strong>Profa. Dra. Cl\u00e1udia Araujo de Lima<\/strong><\/p>\n<p>&nbsp;<\/p>\n<ol>\n<li>Diangel Willy Pinto<\/li>\n<li>Franciele Ariene Lopes Santana<\/li>\n<li>J\u00e9ssica Zanetti Brandani<\/li>\n<li>Joeci das Dores Gon\u00e7alves Sambrana<\/li>\n<li>Maur\u00edcio Loubet<\/li>\n<li>Ricardo Grassi Martins<\/li>\n<li>Rosenil dos Santos Gomes<\/li>\n<li>Sonivaldo Ruzzene Beltrame<\/li>\n<li>Suellen da Silva Jarde<\/li>\n<\/ol>\n<p><strong>\u00a0<\/strong><\/p>\n<p><strong>MATR\u00cdCULA: 18 e 19\/08\/2014<\/strong><\/p>\n<p><strong>HOR\u00c1RIO: Das 07:30 \u00e0s 10:30hs e das 13:30 \u00e0s 16:30<\/strong><\/p>\n<p><strong>LOCAL: UNIDADE III \u2013 Antiga Alf\u00e2ndega (Porto Geral)<\/strong><\/p>\n<p><strong>Documentos necess\u00e1rios: Fotoc\u00f3pias do RG, CPF, TITULO DE ELEITOR, CERTID\u00c3O DE NASCIMENTO OU CASAMENTO, CERTIFICADO DE RESERVISTA e DIPLOMA.<\/strong><\/p>\n<p>&nbsp;<\/p>\n<p>&nbsp;<\/p>\n","protected":false},"excerpt":{"rendered":"<p>Rela\u00e7\u00e3o de Alunos Especiais aprovados 2014-2 \u00a0 Disciplina Especial: Adolesc\u00eancia, sexualidade, g\u00eanero e educa\u00e7\u00e3o. \u00a0 Profa. Dra. Cl\u00e1udia Araujo de Lima &nbsp; Diangel Willy Pinto Franciele Ariene Lopes Santana J\u00e9ssica Zanetti Brandani Joeci das Dores Gon\u00e7alves Sambrana Maur\u00edcio Loubet Ricardo Grassi Martins Rosenil dos Santos Gomes Sonivaldo Ruzzene Beltrame Suellen da Silva Jarde \u00a0 MATR\u00cdCULA: [&hellip;]<\/p>\n","protected":false},"author":18799,"featured_media":108,"comment_status":"closed","ping_status":"open","sticky":false,"template":"","format":"standard","meta":{"footnotes":""},"categories":[1],"tags":[],"coauthors":[],"class_list":["post-687","post","type-post","status-publish","format-standard","has-post-thumbnail","hentry","category-noticias"],"_links":{"self":[{"href":"https:\/\/ppgecpan.ufms.br\/en\/wp-json\/wp\/v2\/posts\/687","targetHints":{"allow":["GET"]}}],"collection":[{"href":"https:\/\/ppgecpan.ufms.br\/en\/wp-json\/wp\/v2\/posts"}],"about":[{"href":"https:\/\/ppgecpan.ufms.br\/en\/wp-json\/wp\/v2\/types\/post"}],"author":[{"embeddable":true,"href":"https:\/\/ppgecpan.ufms.br\/en\/wp-json\/wp\/v2\/users\/18799"}],"replies":[{"embeddable":true,"href":"https:\/\/ppgecpan.ufms.br\/en\/wp-json\/wp\/v2\/comments?post=687"}],"version-history":[{"count":1,"href":"https:\/\/ppgecpan.ufms.br\/en\/wp-json\/wp\/v2\/posts\/687\/revisions"}],"predecessor-version":[{"id":688,"href":"https:\/\/ppgecpan.ufms.br\/en\/wp-json\/wp\/v2\/posts\/687\/revisions\/688"}],"wp:featuredmedia":[{"embeddable":true,"href":"https:\/\/ppgecpan.ufms.br\/en\/wp-json\/wp\/v2\/media\/108"}],"wp:attachment":[{"href":"https:\/\/ppgecpan.ufms.br\/en\/wp-json\/wp\/v2\/media?parent=687"}],"wp:term":[{"taxonomy":"category","embeddable":true,"href":"https:\/\/ppgecpan.ufms.br\/en\/wp-json\/wp\/v2\/categories?post=687"},{"taxonomy":"post_tag","embeddable":true,"href":"https:\/\/ppgecpan.ufms.br\/en\/wp-json\/wp\/v2\/tags?post=687"},{"taxonomy":"author","embeddable":true,"href":"https:\/\/ppgecpan.ufms.br\/en\/wp-json\/wp\/v2\/coauthors?post=687"}],"curies":[{"name":"wp","href":"https:\/\/api.w.org\/{rel}","templated":true}]}}