{"id":705,"date":"2014-08-21T17:01:56","date_gmt":"2014-08-21T21:01:56","guid":{"rendered":"http:\/\/ppgecpan.draconis.ufms.br\/?p=705"},"modified":"2016-02-19T15:06:29","modified_gmt":"2016-02-19T19:06:29","slug":"divulgado-edital-de-selecao-para-ingresso-no-mestrado-em-educacao-em-2015-para-alunos-regulares","status":"publish","type":"post","link":"https:\/\/ppgecpan.ufms.br\/en\/divulgado-edital-de-selecao-para-ingresso-no-mestrado-em-educacao-em-2015-para-alunos-regulares\/","title":{"rendered":"Divulgado Edital de sele\u00e7\u00e3o para ingresso no Mestrado em Educa\u00e7\u00e3o em 2015 para alunos regulares"},"content":{"rendered":"<p><strong>O CHEFE DA COORDENADORIA DE PESQUISA, NO EXERC\u00cdCIO DO CARGO DE PR\u00d3-REITOR DE PESQUISA, P\u00d3S-GRADUA\u00c7\u00c3O E INOVA\u00c7\u00c3O <\/strong>da Funda\u00e7\u00e3o Universidade Federal de Mato Grosso do Sul, no uso de suas atribui\u00e7\u00f5es, torna p\u00fablica a abertura de inscri\u00e7\u00f5es do Processo Seletivo visando \u00e0 sele\u00e7\u00e3o de candidatos para preenchimento de vagas no Programa de P\u00f3s-Gradua\u00e7\u00e3o em Educa\u00e7\u00e3o, Curso de Mestrado, do C\u00e2mpus do Pantanal, com 18 (dezoito) vagas e ingresso no primeiro semestre letivo de 2015.<\/p>\n<p>Downloads:<\/p>\n<p><a href=\"http:\/\/ppgecpan.draconis.ufms.br\/files\/2014\/08\/Processo-Seletivo-Mestrado-em-Educa\u00e7\u00e3o-CPAN-2015.1-p\u00e1g.pdf\"><img decoding=\"async\" class=\"alignnone wp-image-162 size-full\" src=\"http:\/\/ppgecpan.draconis.ufms.br\/files\/2012\/02\/PDF.jpg\" alt=\"PDF\" width=\"48\" height=\"48\" \/><\/a><\/p>\n","protected":false},"excerpt":{"rendered":"<p>O CHEFE DA COORDENADORIA DE PESQUISA, NO EXERC\u00cdCIO DO CARGO DE PR\u00d3-REITOR DE PESQUISA, P\u00d3S-GRADUA\u00c7\u00c3O E INOVA\u00c7\u00c3O da Funda\u00e7\u00e3o Universidade Federal de Mato Grosso do Sul, no uso de suas atribui\u00e7\u00f5es, torna p\u00fablica a abertura de inscri\u00e7\u00f5es do Processo Seletivo visando \u00e0 sele\u00e7\u00e3o de candidatos para preenchimento de vagas no Programa de P\u00f3s-Gradua\u00e7\u00e3o em Educa\u00e7\u00e3o, [&hellip;]<\/p>\n","protected":false},"author":1488,"featured_media":108,"comment_status":"closed","ping_status":"open","sticky":false,"template":"","format":"standard","meta":{"footnotes":""},"categories":[9,1],"tags":[],"coauthors":[],"class_list":["post-705","post","type-post","status-publish","format-standard","has-post-thumbnail","hentry","category-editais","category-noticias"],"_links":{"self":[{"href":"https:\/\/ppgecpan.ufms.br\/en\/wp-json\/wp\/v2\/posts\/705","targetHints":{"allow":["GET"]}}],"collection":[{"href":"https:\/\/ppgecpan.ufms.br\/en\/wp-json\/wp\/v2\/posts"}],"about":[{"href":"https:\/\/ppgecpan.ufms.br\/en\/wp-json\/wp\/v2\/types\/post"}],"author":[{"embeddable":true,"href":"https:\/\/ppgecpan.ufms.br\/en\/wp-json\/wp\/v2\/users\/1488"}],"replies":[{"embeddable":true,"href":"https:\/\/ppgecpan.ufms.br\/en\/wp-json\/wp\/v2\/comments?post=705"}],"version-history":[{"count":2,"href":"https:\/\/ppgecpan.ufms.br\/en\/wp-json\/wp\/v2\/posts\/705\/revisions"}],"predecessor-version":[{"id":712,"href":"https:\/\/ppgecpan.ufms.br\/en\/wp-json\/wp\/v2\/posts\/705\/revisions\/712"}],"wp:featuredmedia":[{"embeddable":true,"href":"https:\/\/ppgecpan.ufms.br\/en\/wp-json\/wp\/v2\/media\/108"}],"wp:attachment":[{"href":"https:\/\/ppgecpan.ufms.br\/en\/wp-json\/wp\/v2\/media?parent=705"}],"wp:term":[{"taxonomy":"category","embeddable":true,"href":"https:\/\/ppgecpan.ufms.br\/en\/wp-json\/wp\/v2\/categories?post=705"},{"taxonomy":"post_tag","embeddable":true,"href":"https:\/\/ppgecpan.ufms.br\/en\/wp-json\/wp\/v2\/tags?post=705"},{"taxonomy":"author","embeddable":true,"href":"https:\/\/ppgecpan.ufms.br\/en\/wp-json\/wp\/v2\/coauthors?post=705"}],"curies":[{"name":"wp","href":"https:\/\/api.w.org\/{rel}","templated":true}]}}