{"id":727,"date":"2014-09-30T06:09:57","date_gmt":"2014-09-30T10:09:57","guid":{"rendered":"http:\/\/ppgecpan.draconis.ufms.br\/?p=727"},"modified":"2016-02-19T16:02:38","modified_gmt":"2016-02-19T20:02:38","slug":"relacao-de-inscricoes-deferidas-e-indeferidas-edital-n-85-processo-seletivo-2015-1","status":"publish","type":"post","link":"https:\/\/ppgecpan.ufms.br\/en\/relacao-de-inscricoes-deferidas-e-indeferidas-edital-n-85-processo-seletivo-2015-1\/","title":{"rendered":"Rela\u00e7\u00e3o de inscri\u00e7\u00f5es deferidas e indeferidas &#8211; Edital n. 85 (Processo seletivo 2015.1)"},"content":{"rendered":"<p>De acordo com o Edital n. 85 de 13 de agosto de 2014, o Programa de P\u00f3s-Gradua\u00e7\u00e3o em Educa\u00e7\u00e3o do Campus do Pantanal\u00a0da Funda\u00e7\u00e3o Universidade Federal de Mato Grosso do Sul torna p\u00fablica a rela\u00e7\u00e3o de inscri\u00e7\u00f5es deferidas e indeferidas do Processo Seletivo visando a sele\u00e7\u00e3o de candidatos para\u00a0preenchimento de vagas no Curso de Mestrado com ingresso no primeiro semestre letivo de 2015.<\/p>\n<table>\n<tbody>\n<tr>\n<td width=\"329\"><strong>INSCRI\u00c7\u00d5ES DEFERIDAS<\/strong><\/td>\n<td width=\"286\"><\/td>\n<\/tr>\n<tr>\n<td width=\"329\"><strong>\u00a0<\/strong><\/td>\n<td width=\"286\"><\/td>\n<\/tr>\n<tr>\n<td width=\"329\">Ana Cristina Auzierde Souza<\/td>\n<td width=\"286\"><\/td>\n<\/tr>\n<tr>\n<td width=\"329\">Ana Paula Neves Rodrigues<\/td>\n<td width=\"286\"><\/td>\n<\/tr>\n<tr>\n<td width=\"329\">Ana Paula Fernandes dos Santos<\/td>\n<td width=\"286\"><\/td>\n<\/tr>\n<tr>\n<td width=\"329\">Andressa Moreira dos Anjos Paraquett<\/td>\n<td width=\"286\"><\/td>\n<\/tr>\n<tr>\n<td width=\"329\">Antoninha Soares Guimar\u00e3es Farias<\/td>\n<td width=\"286\"><\/td>\n<\/tr>\n<tr>\n<td width=\"329\">Aparecida de Souza dos Santos<\/td>\n<td width=\"286\"><\/td>\n<\/tr>\n<tr>\n<td width=\"329\">Arilson Campos Rojas<\/td>\n<td width=\"286\"><\/td>\n<\/tr>\n<tr>\n<td width=\"329\">Bruno Roberto Nantes Ara\u00fajo<\/td>\n<td width=\"286\"><\/td>\n<\/tr>\n<tr>\n<td width=\"329\">Clayton da Silva Barcelos<\/td>\n<td width=\"286\"><\/td>\n<\/tr>\n<tr>\n<td width=\"329\">Claudia Natacha BassiDagel<\/td>\n<td width=\"286\"><\/td>\n<\/tr>\n<tr>\n<td width=\"329\">Crisley Monteiro de Monteiro<\/td>\n<td width=\"286\"><\/td>\n<\/tr>\n<tr>\n<td width=\"329\">Daniel Mendes da Silva Filho<\/td>\n<td width=\"286\"><\/td>\n<\/tr>\n<tr>\n<td width=\"329\">Deize Alves de Souza Pinto Silva<\/td>\n<td width=\"286\"><\/td>\n<\/tr>\n<tr>\n<td width=\"329\">Elvismar de Souza<\/td>\n<td width=\"286\"><\/td>\n<\/tr>\n<tr>\n<td width=\"329\">Fabiana Rodrigues Marques<\/td>\n<td width=\"286\"><\/td>\n<\/tr>\n<tr>\n<td width=\"329\">Francy Laura Moraes<\/td>\n<td width=\"286\"><\/td>\n<\/tr>\n<tr>\n<td width=\"329\">Franciele Ariene Lopes Santana<\/td>\n<td width=\"286\"><\/td>\n<\/tr>\n<tr>\n<td width=\"329\">Geraldo Garbelini Neto<\/td>\n<td width=\"286\"><\/td>\n<\/tr>\n<tr>\n<td width=\"329\">Geruza Soares de Souza Papa<\/td>\n<td width=\"286\"><\/td>\n<\/tr>\n<tr>\n<td width=\"329\">Giselly Dias Mariano<\/td>\n<td width=\"286\"><\/td>\n<\/tr>\n<tr>\n<td width=\"329\">Grace Kelly Sguario do Valle Bastos<\/td>\n<td width=\"286\"><\/td>\n<\/tr>\n<tr>\n<td width=\"329\">Helen Andressa da Silva ChaparroVeadrigo<\/td>\n<td width=\"286\"><\/td>\n<\/tr>\n<tr>\n<td width=\"329\">Ideleide Gutierres Dengue<\/td>\n<td width=\"286\"><\/td>\n<\/tr>\n<tr>\n<td width=\"329\">Igor Dominguos de Souza<\/td>\n<td width=\"286\"><\/td>\n<\/tr>\n<tr>\n<td width=\"329\">IsolinaBiazotoSallet<\/td>\n<td width=\"286\"><\/td>\n<\/tr>\n<tr>\n<td width=\"329\">J\u00e9ssica Zanetti Brandani<\/td>\n<td width=\"286\"><\/td>\n<\/tr>\n<tr>\n<td width=\"329\">Joelma de Souza Nogueira<\/td>\n<td width=\"286\"><\/td>\n<\/tr>\n<tr>\n<td width=\"329\">Jos\u00e9 Fernando dos Santos<\/td>\n<td width=\"286\"><\/td>\n<\/tr>\n<tr>\n<td width=\"329\">Juliana Claudia Teixeira Gomes Borges Amorin<\/td>\n<td width=\"286\"><\/td>\n<\/tr>\n<tr>\n<td width=\"329\">Kedma Danielly Moura de Almeida<\/td>\n<td width=\"286\"><\/td>\n<\/tr>\n<tr>\n<td width=\"329\">Lene Cristina Salles da Cruz<\/td>\n<td width=\"286\"><\/td>\n<\/tr>\n<tr>\n<td width=\"329\">Lilian Cristina Salles da Cruz<\/td>\n<td width=\"286\"><\/td>\n<\/tr>\n<tr>\n<td width=\"329\">LielzaVict\u00f3rio Carrapateira Molina<\/td>\n<td width=\"286\"><\/td>\n<\/tr>\n<tr>\n<td width=\"329\">Luzanira de Deus Pereira da Silva<\/td>\n<td width=\"286\"><\/td>\n<\/tr>\n<tr>\n<td width=\"329\">Maicon Martta<\/td>\n<td width=\"286\"><\/td>\n<\/tr>\n<tr>\n<td width=\"329\">M\u00e1rcia Cristina Capistrano da Rosa<\/td>\n<td width=\"286\"><\/td>\n<\/tr>\n<tr>\n<td width=\"329\">M\u00e1rcia Ramires de Arruda<\/td>\n<td width=\"286\"><\/td>\n<\/tr>\n<tr>\n<td width=\"329\">Maur\u00edcio Loubet<\/td>\n<td width=\"286\"><\/td>\n<\/tr>\n<tr>\n<td width=\"329\">Nair Terezinha Gonzaga Rosa de Oliveira<\/td>\n<td width=\"286\"><\/td>\n<\/tr>\n<tr>\n<td width=\"329\">Patr\u00edcia Siqueira dos Santos<\/td>\n<td width=\"286\"><\/td>\n<\/tr>\n<tr>\n<td width=\"329\">Roberto C\u00e9sar de Souza<\/td>\n<td width=\"286\"><\/td>\n<\/tr>\n<tr>\n<td width=\"329\">Ronaldo Leite Paschoal<\/td>\n<td width=\"286\"><\/td>\n<\/tr>\n<tr>\n<td width=\"329\">Rosa Alessandra Rodrigues Corr\u00eaa<\/td>\n<td width=\"286\"><\/td>\n<\/tr>\n<tr>\n<td width=\"329\">Sandra Balbueno de Oliveira Vargas<\/td>\n<td width=\"286\"><\/td>\n<\/tr>\n<tr>\n<td width=\"329\">Tatiana Neiara Pereira Muller<\/td>\n<td width=\"286\"><\/td>\n<\/tr>\n<tr>\n<td width=\"329\">Vanuza Nunes de Souza Vieira<\/td>\n<td width=\"286\"><\/td>\n<\/tr>\n<tr>\n<td width=\"329\">Veridiana Flores Favarin Ferreira<\/td>\n<td width=\"286\"><\/td>\n<\/tr>\n<\/tbody>\n<\/table>\n<p>&nbsp;<\/p>\n<table width=\"614\">\n<tbody>\n<tr>\n<td width=\"272\"><strong>INSCRI\u00c7\u00d4ES INDEFEIDAS<\/strong><\/td>\n<td width=\"342\"><strong>MOTIVO(S)<\/strong><\/td>\n<\/tr>\n<tr>\n<td width=\"272\"><strong>\u00a0<\/strong><\/td>\n<td width=\"342\"><strong>\u00a0<\/strong><\/td>\n<\/tr>\n<tr>\n<td width=\"272\">Cleide Marcelina Mar\u00e7al de Abreu<\/td>\n<td width=\"342\">N\u00e3o atende a letra \u201cB\u201d do item 2.2 do edital<\/td>\n<\/tr>\n<tr>\n<td width=\"272\">Marco Aur\u00e9lio de Almeida Soares<\/td>\n<td width=\"342\">N\u00e3o atende as letras \u201cC\u201d e \u201cO\u201ddo item 2.2 do edital<\/td>\n<\/tr>\n<tr>\n<td width=\"272\">Mirian Correa da Silva Jesus<\/td>\n<td width=\"342\">N\u00e3o atende a letra \u201cD\u201d do item 2.2 do edital<\/td>\n<\/tr>\n<tr>\n<td width=\"272\">Mareide Lopes de Arruda<\/td>\n<td width=\"342\">N\u00e3o atende as letras \u201cI\u201d e \u201cO\u201ddo item 2.2 do edital<\/td>\n<\/tr>\n<tr>\n<td width=\"272\">Karina Paula dos Santos Silva<\/td>\n<td width=\"342\">N\u00e3o atende a letra \u201cO\u201d do item 2.2 do edital<\/td>\n<\/tr>\n<tr>\n<td width=\"272\">Poliana Evely Mori<\/td>\n<td width=\"342\">N\u00e3o atende a letra \u201cO\u201d do item 2.2 do edital<\/td>\n<\/tr>\n<tr>\n<td width=\"272\">Gilmar de Lima Galv\u00e3o<\/td>\n<td width=\"342\">N\u00e3o atende a letra \u201cB\u201d do item 2.2 do edital<\/td>\n<\/tr>\n<\/tbody>\n<\/table>\n","protected":false},"excerpt":{"rendered":"<p>De acordo com o Edital n. 85 de 13 de agosto de 2014, o Programa de P\u00f3s-Gradua\u00e7\u00e3o em Educa\u00e7\u00e3o do Campus do Pantanal\u00a0da Funda\u00e7\u00e3o Universidade Federal de Mato Grosso do Sul torna p\u00fablica a rela\u00e7\u00e3o de inscri\u00e7\u00f5es deferidas e indeferidas do Processo Seletivo visando a sele\u00e7\u00e3o de candidatos para\u00a0preenchimento de vagas no Curso de Mestrado [&hellip;]<\/p>\n","protected":false},"author":1488,"featured_media":108,"comment_status":"closed","ping_status":"open","sticky":false,"template":"","format":"standard","meta":{"footnotes":""},"categories":[1],"tags":[],"coauthors":[],"class_list":["post-727","post","type-post","status-publish","format-standard","has-post-thumbnail","hentry","category-noticias"],"_links":{"self":[{"href":"https:\/\/ppgecpan.ufms.br\/en\/wp-json\/wp\/v2\/posts\/727","targetHints":{"allow":["GET"]}}],"collection":[{"href":"https:\/\/ppgecpan.ufms.br\/en\/wp-json\/wp\/v2\/posts"}],"about":[{"href":"https:\/\/ppgecpan.ufms.br\/en\/wp-json\/wp\/v2\/types\/post"}],"author":[{"embeddable":true,"href":"https:\/\/ppgecpan.ufms.br\/en\/wp-json\/wp\/v2\/users\/1488"}],"replies":[{"embeddable":true,"href":"https:\/\/ppgecpan.ufms.br\/en\/wp-json\/wp\/v2\/comments?post=727"}],"version-history":[{"count":3,"href":"https:\/\/ppgecpan.ufms.br\/en\/wp-json\/wp\/v2\/posts\/727\/revisions"}],"predecessor-version":[{"id":731,"href":"https:\/\/ppgecpan.ufms.br\/en\/wp-json\/wp\/v2\/posts\/727\/revisions\/731"}],"wp:featuredmedia":[{"embeddable":true,"href":"https:\/\/ppgecpan.ufms.br\/en\/wp-json\/wp\/v2\/media\/108"}],"wp:attachment":[{"href":"https:\/\/ppgecpan.ufms.br\/en\/wp-json\/wp\/v2\/media?parent=727"}],"wp:term":[{"taxonomy":"category","embeddable":true,"href":"https:\/\/ppgecpan.ufms.br\/en\/wp-json\/wp\/v2\/categories?post=727"},{"taxonomy":"post_tag","embeddable":true,"href":"https:\/\/ppgecpan.ufms.br\/en\/wp-json\/wp\/v2\/tags?post=727"},{"taxonomy":"author","embeddable":true,"href":"https:\/\/ppgecpan.ufms.br\/en\/wp-json\/wp\/v2\/coauthors?post=727"}],"curies":[{"name":"wp","href":"https:\/\/api.w.org\/{rel}","templated":true}]}}