{"id":74,"date":"2012-02-03T16:18:14","date_gmt":"2012-02-03T16:18:14","guid":{"rendered":"http:\/\/ppgecpan.draconis.ufms.br\/?p=74"},"modified":"2012-02-27T14:31:43","modified_gmt":"2012-02-27T14:31:43","slug":"grade-horaria-1o-semestre-de-2010","status":"publish","type":"post","link":"https:\/\/ppgecpan.ufms.br\/en\/grade-horaria-1o-semestre-de-2010\/","title":{"rendered":"Grade Hor\u00e1ria \u2013 1\u00ba Semestre de 2010"},"content":{"rendered":"<p>Grade Hor\u00e1ria \u2013 1\u00ba Semestre de 2010<\/p>\n<p>&nbsp;<\/p>\n<table border=\"0\" align=\"center\">\n<tbody>\n<tr valign=\"top\">\n<td valign=\"top\"><\/td>\n<td valign=\"top\">Quarta<\/td>\n<td valign=\"top\">Quinta<\/td>\n<td valign=\"top\">Sexta<\/td>\n<\/tr>\n<tr valign=\"top\">\n<td valign=\"top\">Manh\u00e3<\/td>\n<td valign=\"top\">Processos Formativos de Educadores para Institui\u00e7\u00f5es Sociais (OP)&nbsp;<\/p>\n<p>Profas: Edelir e Dimair<\/td>\n<td valign=\"top\">Semin\u00e1rio de Pesquisa II (OBR \u2013 Turma 2009)&nbsp;<\/p>\n<p>Profa. Nadir<\/td>\n<td valign=\"top\">Mudan\u00e7as no mundo do trabalho e educa\u00e7\u00e3o (OP \u2013 Turma 2009)&nbsp;<\/p>\n<p>Prof. Hajime<\/td>\n<\/tr>\n<tr valign=\"top\">\n<td valign=\"top\">Tarde<\/td>\n<td valign=\"top\">Educa\u00e7\u00e3o e Institui\u00e7\u00f5es sociais (OP)&nbsp;<\/p>\n<p>Prof\u00aa. Nadir<\/td>\n<td valign=\"top\">Pesquisa em Educa\u00e7\u00e3o&nbsp;<\/p>\n<p>(OBR \u2013 Turma -2010)<\/p>\n<p>Profa. M\u00f4nica<\/td>\n<td valign=\"top\">Fundamentos hist-filo&nbsp;<\/p>\n<p>(OBR -Turma 2010)<\/p>\n<p>Profas: Ana Lucia e Anamaria<\/td>\n<\/tr>\n<\/tbody>\n<\/table>\n<p>Turma 2010 \u2013 Obrigat\u00f3rias<\/p>\n<p>1. Fundamentos hist\u00f3rico-filos\u00f3ficos\u2026 (OBR): a disciplina ser\u00e1 oferecida a cada 15 dias, \u00e0s 6\u00aas feiras (manh\u00e3 e tarde).<\/p>\n<p>2. Pesquisa em Educa\u00e7\u00e3o (OBR): disciplina semanal, \u00e0s 5\u00aas feiras (Tarde)<\/p>\n","protected":false},"excerpt":{"rendered":"<p>Grade Hor\u00e1ria \u2013 1\u00ba Semestre de 2010 &nbsp; Quarta Quinta Sexta Manh\u00e3 Processos Formativos de Educadores para Institui\u00e7\u00f5es Sociais (OP)&nbsp; Profas: Edelir e Dimair Semin\u00e1rio de Pesquisa II (OBR \u2013 Turma 2009)&nbsp; Profa. Nadir Mudan\u00e7as no mundo do trabalho e educa\u00e7\u00e3o (OP \u2013 Turma 2009)&nbsp; Prof. Hajime Tarde Educa\u00e7\u00e3o e Institui\u00e7\u00f5es sociais (OP)&nbsp; Prof\u00aa. Nadir [&hellip;]<\/p>\n","protected":false},"author":7,"featured_media":0,"comment_status":"closed","ping_status":"closed","sticky":false,"template":"","format":"standard","meta":{"footnotes":""},"categories":[12,1],"tags":[],"coauthors":[],"class_list":["post-74","post","type-post","status-publish","format-standard","hentry","category-grade-horaria","category-noticias"],"_links":{"self":[{"href":"https:\/\/ppgecpan.ufms.br\/en\/wp-json\/wp\/v2\/posts\/74","targetHints":{"allow":["GET"]}}],"collection":[{"href":"https:\/\/ppgecpan.ufms.br\/en\/wp-json\/wp\/v2\/posts"}],"about":[{"href":"https:\/\/ppgecpan.ufms.br\/en\/wp-json\/wp\/v2\/types\/post"}],"author":[{"embeddable":true,"href":"https:\/\/ppgecpan.ufms.br\/en\/wp-json\/wp\/v2\/users\/7"}],"replies":[{"embeddable":true,"href":"https:\/\/ppgecpan.ufms.br\/en\/wp-json\/wp\/v2\/comments?post=74"}],"version-history":[{"count":3,"href":"https:\/\/ppgecpan.ufms.br\/en\/wp-json\/wp\/v2\/posts\/74\/revisions"}],"predecessor-version":[{"id":190,"href":"https:\/\/ppgecpan.ufms.br\/en\/wp-json\/wp\/v2\/posts\/74\/revisions\/190"}],"wp:attachment":[{"href":"https:\/\/ppgecpan.ufms.br\/en\/wp-json\/wp\/v2\/media?parent=74"}],"wp:term":[{"taxonomy":"category","embeddable":true,"href":"https:\/\/ppgecpan.ufms.br\/en\/wp-json\/wp\/v2\/categories?post=74"},{"taxonomy":"post_tag","embeddable":true,"href":"https:\/\/ppgecpan.ufms.br\/en\/wp-json\/wp\/v2\/tags?post=74"},{"taxonomy":"author","embeddable":true,"href":"https:\/\/ppgecpan.ufms.br\/en\/wp-json\/wp\/v2\/coauthors?post=74"}],"curies":[{"name":"wp","href":"https:\/\/api.w.org\/{rel}","templated":true}]}}