{"id":76,"date":"2012-02-03T16:19:00","date_gmt":"2012-02-03T16:19:00","guid":{"rendered":"http:\/\/ppgecpan.draconis.ufms.br\/?p=76"},"modified":"2012-02-27T14:31:43","modified_gmt":"2012-02-27T14:31:43","slug":"grade-horaria-2o-semestre-de-2010","status":"publish","type":"post","link":"https:\/\/ppgecpan.ufms.br\/en\/grade-horaria-2o-semestre-de-2010\/","title":{"rendered":"Grade Hor\u00e1ria &#8211; 2\u00ba semestre de 2010"},"content":{"rendered":"<p>Grade Hor\u00e1ria &#8211;\u00a02\u00ba semestre de 2010<\/p>\n<p>&nbsp;<\/p>\n<table border=\"1\" cellspacing=\"0\" cellpadding=\"0\" align=\"center\">\n<tbody>\n<tr>\n<td align=\"center\" valign=\"top\"><\/td>\n<td align=\"center\" valign=\"top\">Quinta<\/td>\n<td align=\"center\" valign=\"top\">Sexta<\/td>\n<\/tr>\n<tr valign=\"top\">\n<td align=\"center\" valign=\"top\">Manh\u00e3<\/td>\n<td align=\"center\" valign=\"top\">Sexualidade, g\u00eanero e educa\u00e7\u00e3o&nbsp;<\/p>\n<p>Prof\u00aa. Constantina Xavier<\/td>\n<td align=\"center\" valign=\"top\">Semin\u00e1rio de Pesquisa I&nbsp;<\/p>\n<p>Prof. Hajime Nozaki;<\/p>\n<p>Prof\u00aa. \u00a0M\u00f4nica Kassar<\/td>\n<\/tr>\n<tr>\n<td align=\"center\" valign=\"top\">Tarde<\/td>\n<td align=\"center\" valign=\"top\">Pol\u00edticas p\u00fablicas para Inf\u00e2ncia e Adolesc\u00eancia&nbsp;<\/p>\n<p>Prof\u00aa Anamaria S. Silva<\/td>\n<td align=\"center\" valign=\"top\">Educa\u00e7\u00e3o e Direitos Humanos&nbsp;<\/p>\n<p>Prof\u00aa. Edelir Garcia;<\/p>\n<p>Prof\u00aa. Maria de Lourdes Contini<\/td>\n<\/tr>\n<\/tbody>\n<\/table>\n<p>&nbsp;<\/p>\n<p>Obrigat\u00f3rias (Turma 2010)<\/p>\n<hr \/>\n<p>1. Semin\u00e1rio de Pesquisa I \u2013 4 Cr.<\/p>\n<p>Quinzenalmente, \u00e0s 6\u00aas feiras (manh\u00e3 e tarde).<\/p>\n<p>2. Educa\u00e7\u00e3o e Direitos Humanos\u2013 4 Cr.<\/p>\n<p>Quinzenalmente, \u00e0s 6\u00aas feiras (manh\u00e3 e tarde).<\/p>\n<p>Aceita Aluno Especial<\/p>\n<p>&nbsp;<\/p>\n<p>Optativas (Abertas \u00e0s Turmas 2009 e 2010)<\/p>\n<hr \/>\n<p>1. Pol\u00edticas p\u00fablicas para a Inf\u00e2ncia e a Adolesc\u00eancia \u2013 4 Cr.<\/p>\n<p>Aceita Aluno Especial<\/p>\n<p>&nbsp;<\/p>\n<p>2. Sexualidade, g\u00eanero e educa\u00e7\u00e3o\u2013 4 Cr.<\/p>\n<p>Quinzenalmente, \u00e0s 5\u00aas feiras (manh\u00e3 e tarde)<\/p>\n<p>ATEN\u00c7\u00c3O: Esta disciplina ser\u00e1 oferecida no Campus da UFMS de Campo Grande<\/p>\n<p>Aceita Aluno Especial<\/p>\n<p>&nbsp;<\/p>\n<p>Matr\u00edculas<\/p>\n<hr \/>\n<p>Alunos regulares: de 26 a 30\/07 \u2013 Matr\u00edcula on line<\/p>\n<p>Alunos especiais: de 26 a 30\/07 \u2013 Requerimento de matr\u00edculas de alunos especiais (Secretaria do PPGE\/CPAN)<\/p>\n<p>Divulga\u00e7\u00e3o dos alunos especiais aprovados (p\u00e1gina do PPGE\/CPAN) \u2013 02\/08<\/p>\n<p>Matr\u00edcula de alunos especiais (na Secretaria do PPGE) \u2013 03 a 06\/08<\/p>\n<p>&nbsp;<\/p>\n","protected":false},"excerpt":{"rendered":"<p>Grade Hor\u00e1ria &#8211;\u00a02\u00ba semestre de 2010 &nbsp; Quinta Sexta Manh\u00e3 Sexualidade, g\u00eanero e educa\u00e7\u00e3o&nbsp; Prof\u00aa. Constantina Xavier Semin\u00e1rio de Pesquisa I&nbsp; Prof. Hajime Nozaki; Prof\u00aa. \u00a0M\u00f4nica Kassar Tarde Pol\u00edticas p\u00fablicas para Inf\u00e2ncia e Adolesc\u00eancia&nbsp; Prof\u00aa Anamaria S. Silva Educa\u00e7\u00e3o e Direitos Humanos&nbsp; Prof\u00aa. Edelir Garcia; Prof\u00aa. Maria de Lourdes Contini &nbsp; Obrigat\u00f3rias (Turma 2010) 1. [&hellip;]<\/p>\n","protected":false},"author":7,"featured_media":0,"comment_status":"closed","ping_status":"closed","sticky":false,"template":"","format":"standard","meta":{"footnotes":""},"categories":[12,1],"tags":[],"coauthors":[],"class_list":["post-76","post","type-post","status-publish","format-standard","hentry","category-grade-horaria","category-noticias"],"_links":{"self":[{"href":"https:\/\/ppgecpan.ufms.br\/en\/wp-json\/wp\/v2\/posts\/76","targetHints":{"allow":["GET"]}}],"collection":[{"href":"https:\/\/ppgecpan.ufms.br\/en\/wp-json\/wp\/v2\/posts"}],"about":[{"href":"https:\/\/ppgecpan.ufms.br\/en\/wp-json\/wp\/v2\/types\/post"}],"author":[{"embeddable":true,"href":"https:\/\/ppgecpan.ufms.br\/en\/wp-json\/wp\/v2\/users\/7"}],"replies":[{"embeddable":true,"href":"https:\/\/ppgecpan.ufms.br\/en\/wp-json\/wp\/v2\/comments?post=76"}],"version-history":[{"count":3,"href":"https:\/\/ppgecpan.ufms.br\/en\/wp-json\/wp\/v2\/posts\/76\/revisions"}],"predecessor-version":[{"id":189,"href":"https:\/\/ppgecpan.ufms.br\/en\/wp-json\/wp\/v2\/posts\/76\/revisions\/189"}],"wp:attachment":[{"href":"https:\/\/ppgecpan.ufms.br\/en\/wp-json\/wp\/v2\/media?parent=76"}],"wp:term":[{"taxonomy":"category","embeddable":true,"href":"https:\/\/ppgecpan.ufms.br\/en\/wp-json\/wp\/v2\/categories?post=76"},{"taxonomy":"post_tag","embeddable":true,"href":"https:\/\/ppgecpan.ufms.br\/en\/wp-json\/wp\/v2\/tags?post=76"},{"taxonomy":"author","embeddable":true,"href":"https:\/\/ppgecpan.ufms.br\/en\/wp-json\/wp\/v2\/coauthors?post=76"}],"curies":[{"name":"wp","href":"https:\/\/api.w.org\/{rel}","templated":true}]}}