{"id":7846,"date":"2025-09-03T08:53:58","date_gmt":"2025-09-03T12:53:58","guid":{"rendered":"https:\/\/ppgecpan.ufms.br\/?p=7846"},"modified":"2025-09-03T08:53:58","modified_gmt":"2025-09-03T12:53:58","slug":"abertas-as-inscricoes-para-a-submissao-de-trabalhos-para-o-vi-cecpan-congresso-de-educacao-do-cpan-v-semana-integrada-de-graduacao-e-pos-graduacao-do-cpan","status":"publish","type":"post","link":"https:\/\/ppgecpan.ufms.br\/en\/abertas-as-inscricoes-para-a-submissao-de-trabalhos-para-o-vi-cecpan-congresso-de-educacao-do-cpan-v-semana-integrada-de-graduacao-e-pos-graduacao-do-cpan\/","title":{"rendered":"(Portugu\u00eas do Brasil) Abertas as inscri\u00e7\u00f5es para a submiss\u00e3o de trabalhos para o VI CECPAN \u2013 Congresso de Educa\u00e7\u00e3o do CPAN \u2013 V Semana Integrada de Gradua\u00e7\u00e3o e P\u00f3s-gradua\u00e7\u00e3o do CPAN"},"content":{"rendered":"<p class=\"qtranxs-available-languages-message qtranxs-available-languages-message-en\">Sorry, this entry is only available in <a href=\"https:\/\/ppgecpan.ufms.br\/pb\/wp-json\/wp\/v2\/posts\/7846\" class=\"qtranxs-available-language-link qtranxs-available-language-link-pb\" title=\"Portugu\u00eas do Brasil\">Portugu\u00eas do Brasil<\/a>.<\/p>","protected":false},"excerpt":{"rendered":"<p>Sorry, this entry is only available in Portugu\u00eas do Brasil.<\/p>\n","protected":false},"author":45791,"featured_media":0,"comment_status":"closed","ping_status":"open","sticky":false,"template":"","format":"standard","meta":{"footnotes":""},"categories":[38,1],"tags":[],"coauthors":[87],"class_list":["post-7846","post","type-post","status-publish","format-standard","hentry","category-eventos-internos","category-noticias"],"_links":{"self":[{"href":"https:\/\/ppgecpan.ufms.br\/en\/wp-json\/wp\/v2\/posts\/7846","targetHints":{"allow":["GET"]}}],"collection":[{"href":"https:\/\/ppgecpan.ufms.br\/en\/wp-json\/wp\/v2\/posts"}],"about":[{"href":"https:\/\/ppgecpan.ufms.br\/en\/wp-json\/wp\/v2\/types\/post"}],"author":[{"embeddable":true,"href":"https:\/\/ppgecpan.ufms.br\/en\/wp-json\/wp\/v2\/users\/45791"}],"replies":[{"embeddable":true,"href":"https:\/\/ppgecpan.ufms.br\/en\/wp-json\/wp\/v2\/comments?post=7846"}],"version-history":[{"count":1,"href":"https:\/\/ppgecpan.ufms.br\/en\/wp-json\/wp\/v2\/posts\/7846\/revisions"}],"predecessor-version":[{"id":7847,"href":"https:\/\/ppgecpan.ufms.br\/en\/wp-json\/wp\/v2\/posts\/7846\/revisions\/7847"}],"wp:attachment":[{"href":"https:\/\/ppgecpan.ufms.br\/en\/wp-json\/wp\/v2\/media?parent=7846"}],"wp:term":[{"taxonomy":"category","embeddable":true,"href":"https:\/\/ppgecpan.ufms.br\/en\/wp-json\/wp\/v2\/categories?post=7846"},{"taxonomy":"post_tag","embeddable":true,"href":"https:\/\/ppgecpan.ufms.br\/en\/wp-json\/wp\/v2\/tags?post=7846"},{"taxonomy":"author","embeddable":true,"href":"https:\/\/ppgecpan.ufms.br\/en\/wp-json\/wp\/v2\/coauthors?post=7846"}],"curies":[{"name":"wp","href":"https:\/\/api.w.org\/{rel}","templated":true}]}}