{"id":785,"date":"2014-10-09T15:33:22","date_gmt":"2014-10-09T19:33:22","guid":{"rendered":"http:\/\/ppgecpan.draconis.ufms.br\/?p=785"},"modified":"2014-10-09T15:33:22","modified_gmt":"2014-10-09T19:33:22","slug":"milene-machado-ribeiro-acesso-e-sobrevivencia-escolar-em-tres-familias-em-situacao-de-pobreza-em-corumbams","status":"publish","type":"post","link":"https:\/\/ppgecpan.ufms.br\/en\/milene-machado-ribeiro-acesso-e-sobrevivencia-escolar-em-tres-familias-em-situacao-de-pobreza-em-corumbams\/","title":{"rendered":"MILENE MACHADO RIBEIRO &#8211; Acesso e sobreviv\u00eancia escolar em tr\u00eas fam\u00edlias em situa\u00e7\u00e3o de pobreza em Corumb\u00e1\/MS"},"content":{"rendered":"<p>RESUMO<\/p>\n<p style=\"text-align: justify\">O presente estudo teve por objetivo analisar o processo de escolariza\u00e7\u00e3o de tr\u00eas fam\u00edlias de meios populares. Para an\u00e1lise desse estudo utilizamos como refer\u00eancia autores ligados \u00e0 Sociologia da Educa\u00e7\u00e3o, como Pierre Bourdieu, Bernard Lahire, Daniel Thin, Lea Pinheiro Paix\u00e3o, Maria Cec\u00edlia Nogueira, Maria da Gra\u00e7a Jacintho Setton, entre outros. Em rela\u00e7\u00e3o a estrat\u00e9gia de pesquisa, o trabalho buscou adentrar no universo familiar por meio de entrevistas visando compreender atrav\u00e9s dos relatos dos sujeitos, especificamente das m\u00e3es, como as a\u00e7\u00f5es educativas foram orquestradas mediante ao n\u00edvel de capital cultural de cada fam\u00edlia. Os resultados indicam que apesar das hist\u00f3rias serem t\u00e3o pr\u00f3prias e singulares, os caminhos parecem t\u00e3o pr\u00f3ximos e similares. Que apesar de todas as dificuldades e mazelas vividas ao longo da vida e, especificamente, no percurso escolar delas e de seus filhos, elas parecem acreditar que a escolariza\u00e7\u00e3o \u00e9 importante e necess\u00e1ria para romper o ciclo e que diante das incertezas acerca de um prolongamento de estudos e somado as urg\u00eancias materiais das fam\u00edlias, a escolariza\u00e7\u00e3o encontra um significado especialmente instrumental, uma vez que aspira\u00e7\u00f5es universit\u00e1rias n\u00e3o apareceram como um objetivo a ser trilhado. Pois essas fam\u00edlias pouco sabem como lidar com todos os problemas advindos de um processo hist\u00f3rico de desigualdades e injusti\u00e7as sociais e n\u00e3o compreende as quest\u00f5es que est\u00e3o para al\u00e9m da certifica\u00e7\u00e3o.<\/p>\n<p><strong>\u00a0<\/strong>Palavras-chave: Camadas populares.\u00a0 Desigualdades.\u00a0 Fam\u00edlia e escola.<\/p>\n<ul>\n<li><a href=\"http:\/\/ppgecpan.draconis.ufms.br\/files\/2014\/10\/Disserta\u00e7\u00e3o-Milene-Imprimir.pdf\">DOWNLOAD<\/a><\/li>\n<\/ul>\n","protected":false},"excerpt":{"rendered":"<p>RESUMO O presente estudo teve por objetivo analisar o processo de escolariza\u00e7\u00e3o de tr\u00eas fam\u00edlias de meios populares. Para an\u00e1lise desse estudo utilizamos como refer\u00eancia autores ligados \u00e0 Sociologia da Educa\u00e7\u00e3o, como Pierre Bourdieu, Bernard Lahire, Daniel Thin, Lea Pinheiro Paix\u00e3o, Maria Cec\u00edlia Nogueira, Maria da Gra\u00e7a Jacintho Setton, entre outros. Em rela\u00e7\u00e3o a estrat\u00e9gia [&hellip;]<\/p>\n","protected":false},"author":1488,"featured_media":0,"comment_status":"closed","ping_status":"open","sticky":false,"template":"","format":"standard","meta":{"footnotes":""},"categories":[31,8],"tags":[],"coauthors":[],"class_list":["post-785","post","type-post","status-publish","format-standard","hentry","category-31","category-dissertacoes"],"_links":{"self":[{"href":"https:\/\/ppgecpan.ufms.br\/en\/wp-json\/wp\/v2\/posts\/785","targetHints":{"allow":["GET"]}}],"collection":[{"href":"https:\/\/ppgecpan.ufms.br\/en\/wp-json\/wp\/v2\/posts"}],"about":[{"href":"https:\/\/ppgecpan.ufms.br\/en\/wp-json\/wp\/v2\/types\/post"}],"author":[{"embeddable":true,"href":"https:\/\/ppgecpan.ufms.br\/en\/wp-json\/wp\/v2\/users\/1488"}],"replies":[{"embeddable":true,"href":"https:\/\/ppgecpan.ufms.br\/en\/wp-json\/wp\/v2\/comments?post=785"}],"version-history":[{"count":1,"href":"https:\/\/ppgecpan.ufms.br\/en\/wp-json\/wp\/v2\/posts\/785\/revisions"}],"predecessor-version":[{"id":787,"href":"https:\/\/ppgecpan.ufms.br\/en\/wp-json\/wp\/v2\/posts\/785\/revisions\/787"}],"wp:attachment":[{"href":"https:\/\/ppgecpan.ufms.br\/en\/wp-json\/wp\/v2\/media?parent=785"}],"wp:term":[{"taxonomy":"category","embeddable":true,"href":"https:\/\/ppgecpan.ufms.br\/en\/wp-json\/wp\/v2\/categories?post=785"},{"taxonomy":"post_tag","embeddable":true,"href":"https:\/\/ppgecpan.ufms.br\/en\/wp-json\/wp\/v2\/tags?post=785"},{"taxonomy":"author","embeddable":true,"href":"https:\/\/ppgecpan.ufms.br\/en\/wp-json\/wp\/v2\/coauthors?post=785"}],"curies":[{"name":"wp","href":"https:\/\/api.w.org\/{rel}","templated":true}]}}