{"id":802,"date":"2014-10-17T14:46:16","date_gmt":"2014-10-17T18:46:16","guid":{"rendered":"http:\/\/ppgecpan.draconis.ufms.br\/?p=802"},"modified":"2014-10-17T14:46:19","modified_gmt":"2014-10-17T18:46:19","slug":"802","status":"publish","type":"post","link":"https:\/\/ppgecpan.ufms.br\/en\/802\/","title":{"rendered":""},"content":{"rendered":"<p>O Campus do Pantanal oferece o <strong>Mestrado em Educa\u00e7\u00e3o<\/strong> na modalidade acad\u00eamico, com \u00e1rea de concentra\u00e7\u00e3o em <strong>Educa\u00e7\u00e3o Social<\/strong>,\u00a0aprovado pela Coordena\u00e7\u00e3o de Aperfei\u00e7oamento de Pessoal de N\u00edvel Superior (CAPES) do Minist\u00e9rio da Educa\u00e7\u00e3o (MEC). Este curso de mestrado \u00e9 fruto, em grande parte, do trabalho de um grupo de professores que h\u00e1 20\u00a0anos vem desenvolvendo projetos de pesquisa e de extens\u00e3o relacionados \u00e0s tem\u00e1ticas: inf\u00e2ncia, adolesc\u00eancia e exclus\u00e3o social. Tais trabalhos t\u00eam sido realizados junto ao\u00a0<strong>CREIA \u2013 Centro de Refer\u00eancia e Estudos da Inf\u00e2ncia e Adolesc\u00eancia<\/strong>.<\/p>\n<p>&nbsp;<\/p>\n<p>O curso de Mestrado tem como objetivos:<\/p>\n<ul>\n<li>Formar pesquisadores com s\u00f3lido conhecimento na \u00e1rea da educa\u00e7\u00e3o, com enfoque especial \u00e0 educa\u00e7\u00e3o social, abrangendo as diferentes esferas em que a educa\u00e7\u00e3o se faz presente;<\/li>\n<li>Preparar o mestrando para o exerc\u00edcio do Magist\u00e9rio Superior como professor-pesquisador;<\/li>\n<li>Formar pesquisadores, docentes e gestores para o desenvolvimento de atividades nos diferentes n\u00edveis e modalidades do sistema educacional;<\/li>\n<li>Colaborar com a produ\u00e7\u00e3o sobre a Educa\u00e7\u00e3o e a Educa\u00e7\u00e3o Social.<\/li>\n<\/ul>\n<p>&nbsp;<\/p>\n<p>O Programa tem seu foco direcionado aos processos educativos em institui\u00e7\u00f5es de educa\u00e7\u00e3o formal e n\u00e3o formal e tem as seguintes PROPOSTAS:<\/p>\n<ol>\n<li>Construir interfaces entre a educa\u00e7\u00e3o formal e n\u00e3o formal, atrav\u00e9s da produ\u00e7\u00e3o de conhecimento sobre os processos educativos, considerando o movimento da sociedade e suas contradi\u00e7\u00f5es;<\/li>\n<li>Desenvolver pesquisas com foco direcionado \u00e0 garantia dos Direitos (Educa\u00e7\u00e3o, Sa\u00fade, Assist\u00eancia, Trabalho) da popula\u00e7\u00e3o de crian\u00e7as, adolescentes e suas fam\u00edlias;<\/li>\n<li>Realizar pesquisas sobre a implanta\u00e7\u00e3o, implementa\u00e7\u00e3o e avalia\u00e7\u00e3o de pol\u00edticas p\u00fablicas voltadas \u00e0 inf\u00e2ncia e \u00e0 adolesc\u00eancia;<\/li>\n<li>Oferecer subs\u00eddios para elabora\u00e7\u00e3o de pol\u00edticas p\u00fablicas (saberes e pr\u00e1ticas inovadores), principalmente, aquelas voltadas \u00e0s crian\u00e7as e aos adolescentes;<\/li>\n<li>Produzir conhecimento a respeito da forma\u00e7\u00e3o de educadores em situa\u00e7\u00e3o de educa\u00e7\u00e3o formal e n\u00e3o formal.<\/li>\n<\/ol>\n","protected":false},"excerpt":{"rendered":"<p>O Campus do Pantanal oferece o Mestrado em Educa\u00e7\u00e3o na modalidade acad\u00eamico, com \u00e1rea de concentra\u00e7\u00e3o em Educa\u00e7\u00e3o Social,\u00a0aprovado pela Coordena\u00e7\u00e3o de Aperfei\u00e7oamento de Pessoal de N\u00edvel Superior (CAPES) do Minist\u00e9rio da Educa\u00e7\u00e3o (MEC). Este curso de mestrado \u00e9 fruto, em grande parte, do trabalho de um grupo de professores que h\u00e1 20\u00a0anos vem desenvolvendo [&hellip;]<\/p>\n","protected":false},"author":1488,"featured_media":108,"comment_status":"closed","ping_status":"open","sticky":false,"template":"","format":"standard","meta":{"footnotes":""},"categories":[1],"tags":[],"coauthors":[],"class_list":["post-802","post","type-post","status-publish","format-standard","has-post-thumbnail","hentry","category-noticias"],"_links":{"self":[{"href":"https:\/\/ppgecpan.ufms.br\/en\/wp-json\/wp\/v2\/posts\/802","targetHints":{"allow":["GET"]}}],"collection":[{"href":"https:\/\/ppgecpan.ufms.br\/en\/wp-json\/wp\/v2\/posts"}],"about":[{"href":"https:\/\/ppgecpan.ufms.br\/en\/wp-json\/wp\/v2\/types\/post"}],"author":[{"embeddable":true,"href":"https:\/\/ppgecpan.ufms.br\/en\/wp-json\/wp\/v2\/users\/1488"}],"replies":[{"embeddable":true,"href":"https:\/\/ppgecpan.ufms.br\/en\/wp-json\/wp\/v2\/comments?post=802"}],"version-history":[{"count":7,"href":"https:\/\/ppgecpan.ufms.br\/en\/wp-json\/wp\/v2\/posts\/802\/revisions"}],"predecessor-version":[{"id":821,"href":"https:\/\/ppgecpan.ufms.br\/en\/wp-json\/wp\/v2\/posts\/802\/revisions\/821"}],"wp:featuredmedia":[{"embeddable":true,"href":"https:\/\/ppgecpan.ufms.br\/en\/wp-json\/wp\/v2\/media\/108"}],"wp:attachment":[{"href":"https:\/\/ppgecpan.ufms.br\/en\/wp-json\/wp\/v2\/media?parent=802"}],"wp:term":[{"taxonomy":"category","embeddable":true,"href":"https:\/\/ppgecpan.ufms.br\/en\/wp-json\/wp\/v2\/categories?post=802"},{"taxonomy":"post_tag","embeddable":true,"href":"https:\/\/ppgecpan.ufms.br\/en\/wp-json\/wp\/v2\/tags?post=802"},{"taxonomy":"author","embeddable":true,"href":"https:\/\/ppgecpan.ufms.br\/en\/wp-json\/wp\/v2\/coauthors?post=802"}],"curies":[{"name":"wp","href":"https:\/\/api.w.org\/{rel}","templated":true}]}}