{"id":808,"date":"2014-09-09T15:59:37","date_gmt":"2014-09-09T19:59:37","guid":{"rendered":"http:\/\/ppgecpan.draconis.ufms.br\/?p=808"},"modified":"2014-10-17T14:01:04","modified_gmt":"2014-10-17T18:01:04","slug":"ivanilde-dos-santos-mafra-o-direito-educacao-da-crianca-pequena-na-cidade-de-manaus-nocoes-presentes-entre-maes-de-classes-populares","status":"publish","type":"post","link":"https:\/\/ppgecpan.ufms.br\/en\/ivanilde-dos-santos-mafra-o-direito-educacao-da-crianca-pequena-na-cidade-de-manaus-nocoes-presentes-entre-maes-de-classes-populares\/","title":{"rendered":"IVANILDE DOS SANTOS MAFRA &#8211; O Direito \u00e0 Educa\u00e7\u00e3o da Crian\u00e7a Pequena na Cidade de Manaus: No\u00e7\u00f5es Presentes Entre as M\u00e3es de Classes Populares"},"content":{"rendered":"<p>RESUMO<\/p>\n<p style=\"text-align: justify\">Este estudo tem como foco o direito \u00e0 educa\u00e7\u00e3o da crian\u00e7a pequena, no contexto da cidade de Manaus-AM. Buscamos conhecer as no\u00e7\u00f5es sobre direito da crian\u00e7a de zero a tr\u00eas anos presentes entre as m\u00e3es trabalhadoras moradoras do bairro Jorge Teixeira. De modo espec\u00edfico, atentamos ao discurso presente entre as m\u00e3es correlacionado ao d\u00e9ficit de vagas na rede p\u00fablica de creches. Os pressupostos te\u00f3rico-metodol\u00f3gicos do estudo referenciaram-se no materialismo hist\u00f3rico-dial\u00e9tico, recorrendo-se a categoria da totalidade. Utilizamos, igualmente, a an\u00e1lise documental e a entrevista semiestruturada. Como resultados das an\u00e1lises, identificamos a baixa oferta de vagas nas unidades de creche rec\u00e9m-constru\u00eddas (2008-2013) e a focaliza\u00e7\u00e3o no atendimento acima de 4 anos de idade, cindindo a oferta entre creche e pr\u00e9-escola, primeira etapa da Educa\u00e7\u00e3o b\u00e1sica no Brasil (LDB 9394\/1996). As no\u00e7\u00f5es apreendidas entre as m\u00e3es evidenciam e ratificam a necessidade de oferta de creches para as crian\u00e7as das classes populares da cidade de Manaus.<\/p>\n<p>Termos-chave: crian\u00e7a pequena; creche em Manaus; direito \u00e0 educa\u00e7\u00e3o; m\u00e3es de classes populares.<\/p>\n<ul>\n<li><a href=\"http:\/\/ppgecpan.draconis.ufms.br\/files\/2014\/09\/Mafra_dissertacao_29.06.2014_-vers\u00e3o-final_-UFMS_BIBLIOTECA.pdf\">DOWNLOAD<\/a><\/li>\n<\/ul>\n","protected":false},"excerpt":{"rendered":"<p>RESUMO Este estudo tem como foco o direito \u00e0 educa\u00e7\u00e3o da crian\u00e7a pequena, no contexto da cidade de Manaus-AM. Buscamos conhecer as no\u00e7\u00f5es sobre direito da crian\u00e7a de zero a tr\u00eas anos presentes entre as m\u00e3es trabalhadoras moradoras do bairro Jorge Teixeira. De modo espec\u00edfico, atentamos ao discurso presente entre as m\u00e3es correlacionado ao d\u00e9ficit [&hellip;]<\/p>\n","protected":false},"author":1488,"featured_media":0,"comment_status":"closed","ping_status":"open","sticky":false,"template":"","format":"standard","meta":{"footnotes":""},"categories":[31],"tags":[],"coauthors":[],"class_list":["post-808","post","type-post","status-publish","format-standard","hentry","category-31"],"_links":{"self":[{"href":"https:\/\/ppgecpan.ufms.br\/en\/wp-json\/wp\/v2\/posts\/808","targetHints":{"allow":["GET"]}}],"collection":[{"href":"https:\/\/ppgecpan.ufms.br\/en\/wp-json\/wp\/v2\/posts"}],"about":[{"href":"https:\/\/ppgecpan.ufms.br\/en\/wp-json\/wp\/v2\/types\/post"}],"author":[{"embeddable":true,"href":"https:\/\/ppgecpan.ufms.br\/en\/wp-json\/wp\/v2\/users\/1488"}],"replies":[{"embeddable":true,"href":"https:\/\/ppgecpan.ufms.br\/en\/wp-json\/wp\/v2\/comments?post=808"}],"version-history":[{"count":3,"href":"https:\/\/ppgecpan.ufms.br\/en\/wp-json\/wp\/v2\/posts\/808\/revisions"}],"predecessor-version":[{"id":818,"href":"https:\/\/ppgecpan.ufms.br\/en\/wp-json\/wp\/v2\/posts\/808\/revisions\/818"}],"wp:attachment":[{"href":"https:\/\/ppgecpan.ufms.br\/en\/wp-json\/wp\/v2\/media?parent=808"}],"wp:term":[{"taxonomy":"category","embeddable":true,"href":"https:\/\/ppgecpan.ufms.br\/en\/wp-json\/wp\/v2\/categories?post=808"},{"taxonomy":"post_tag","embeddable":true,"href":"https:\/\/ppgecpan.ufms.br\/en\/wp-json\/wp\/v2\/tags?post=808"},{"taxonomy":"author","embeddable":true,"href":"https:\/\/ppgecpan.ufms.br\/en\/wp-json\/wp\/v2\/coauthors?post=808"}],"curies":[{"name":"wp","href":"https:\/\/api.w.org\/{rel}","templated":true}]}}