{"id":907,"date":"2015-02-09T09:04:55","date_gmt":"2015-02-09T13:04:55","guid":{"rendered":"http:\/\/ppgecpan.draconis.ufms.br\/?p=907"},"modified":"2015-02-09T09:09:09","modified_gmt":"2015-02-09T13:09:09","slug":"relacao-de-aprovados-na-selecao-de-candidatos-estrangeiros-para-preenchimento-de-vagas-no-ppge","status":"publish","type":"post","link":"https:\/\/ppgecpan.ufms.br\/en\/relacao-de-aprovados-na-selecao-de-candidatos-estrangeiros-para-preenchimento-de-vagas-no-ppge\/","title":{"rendered":"Rela\u00e7\u00e3o de Aprovados na Sele\u00e7\u00e3o de candidatos estrangeiros para preenchimento de vagas no PPGE"},"content":{"rendered":"<table width=\"631\">\n<tbody>\n<tr>\n<td width=\"631\"><strong>Rela\u00e7\u00e3o de Aprovados na Sele\u00e7\u00e3o de candidatos estrangeiros para preenchimento de vagas no Programa de P\u00f3s-Gradua\u00e7\u00e3o em Educa\u00e7\u00e3o<\/strong><\/p>\n<p><strong>Edital PROPP n\u00ba 116\/2014 \u2013 PPGE\/CPAN\/UFMS<\/strong><\/td>\n<\/tr>\n<tr>\n<td width=\"631\"><strong>Candidato(a)<\/strong><\/td>\n<\/tr>\n<tr>\n<td width=\"631\">Yaneth Dur\u00e1n Bar\u00f3n<\/p>\n<p>&nbsp;<\/p>\n<p><strong>INFORMA\u00c7\u00d5ES:<\/strong><\/p>\n<p><strong>\u00a0<\/strong>01\/04 e 02\/04 \u2013 Matr\u00edcula para alunos regulares<\/p>\n<p>06\/04 \u2013 In\u00edcio das aulas<\/p>\n<p><strong>DOCUMENTOS PARA ALUNOS REGULARES<\/strong>:<\/p>\n<p>\u2013 Alunos regulares ingressantes dever\u00e3o fazer matr\u00edcula presencial na Secretaria do PPGE. Ressaltamos que N\u00c3O \u00e9 necess\u00e1rio trazer algum documento, uma vez que ser\u00e3o aproveitados os documentos apresentados para o processo seletivo.<\/p>\n<p>Em caso de d\u00favidas, entrar em contato com a Secretaria.<\/p>\n<p>Telf.: (67) 3234-6214 ou (67) 3234 6212.<\/p>\n<p>Email.:<a href=\"mailto:ppge@cpan.ufms.br\">ppge@cpan.ufms.br<\/a><\/p>\n<p>&nbsp;<\/td>\n<\/tr>\n<\/tbody>\n<\/table>\n","protected":false},"excerpt":{"rendered":"<p>Rela\u00e7\u00e3o de Aprovados na Sele\u00e7\u00e3o de candidatos estrangeiros para preenchimento de vagas no Programa de P\u00f3s-Gradua\u00e7\u00e3o em Educa\u00e7\u00e3o Edital PROPP n\u00ba 116\/2014 \u2013 PPGE\/CPAN\/UFMS Candidato(a) Yaneth Dur\u00e1n Bar\u00f3n &nbsp; INFORMA\u00c7\u00d5ES: \u00a001\/04 e 02\/04 \u2013 Matr\u00edcula para alunos regulares 06\/04 \u2013 In\u00edcio das aulas DOCUMENTOS PARA ALUNOS REGULARES: \u2013 Alunos regulares ingressantes dever\u00e3o fazer matr\u00edcula presencial [&hellip;]<\/p>\n","protected":false},"author":1488,"featured_media":108,"comment_status":"closed","ping_status":"open","sticky":false,"template":"","format":"standard","meta":{"footnotes":""},"categories":[1],"tags":[],"coauthors":[],"class_list":["post-907","post","type-post","status-publish","format-standard","has-post-thumbnail","hentry","category-noticias"],"_links":{"self":[{"href":"https:\/\/ppgecpan.ufms.br\/en\/wp-json\/wp\/v2\/posts\/907","targetHints":{"allow":["GET"]}}],"collection":[{"href":"https:\/\/ppgecpan.ufms.br\/en\/wp-json\/wp\/v2\/posts"}],"about":[{"href":"https:\/\/ppgecpan.ufms.br\/en\/wp-json\/wp\/v2\/types\/post"}],"author":[{"embeddable":true,"href":"https:\/\/ppgecpan.ufms.br\/en\/wp-json\/wp\/v2\/users\/1488"}],"replies":[{"embeddable":true,"href":"https:\/\/ppgecpan.ufms.br\/en\/wp-json\/wp\/v2\/comments?post=907"}],"version-history":[{"count":3,"href":"https:\/\/ppgecpan.ufms.br\/en\/wp-json\/wp\/v2\/posts\/907\/revisions"}],"predecessor-version":[{"id":910,"href":"https:\/\/ppgecpan.ufms.br\/en\/wp-json\/wp\/v2\/posts\/907\/revisions\/910"}],"wp:featuredmedia":[{"embeddable":true,"href":"https:\/\/ppgecpan.ufms.br\/en\/wp-json\/wp\/v2\/media\/108"}],"wp:attachment":[{"href":"https:\/\/ppgecpan.ufms.br\/en\/wp-json\/wp\/v2\/media?parent=907"}],"wp:term":[{"taxonomy":"category","embeddable":true,"href":"https:\/\/ppgecpan.ufms.br\/en\/wp-json\/wp\/v2\/categories?post=907"},{"taxonomy":"post_tag","embeddable":true,"href":"https:\/\/ppgecpan.ufms.br\/en\/wp-json\/wp\/v2\/tags?post=907"},{"taxonomy":"author","embeddable":true,"href":"https:\/\/ppgecpan.ufms.br\/en\/wp-json\/wp\/v2\/coauthors?post=907"}],"curies":[{"name":"wp","href":"https:\/\/api.w.org\/{rel}","templated":true}]}}