{"id":999,"date":"2015-04-27T10:47:26","date_gmt":"2015-04-27T14:47:26","guid":{"rendered":"http:\/\/ppgecpan.draconis.ufms.br\/?p=999"},"modified":"2015-04-27T10:47:26","modified_gmt":"2015-04-27T14:47:26","slug":"janaina-montagner-competencias-e-politecnia-formacao-educacional-e-profissional-de-trabalhadores","status":"publish","type":"post","link":"https:\/\/ppgecpan.ufms.br\/en\/janaina-montagner-competencias-e-politecnia-formacao-educacional-e-profissional-de-trabalhadores\/","title":{"rendered":"JANA\u00cdNA MONTAGNER &#8211; Compet\u00eancias e politecnia: forma\u00e7\u00e3o educacional e profissional de trabalhadores"},"content":{"rendered":"<p>RESUMO<\/p>\n<p>&nbsp;<\/p>\n<p>Este estudo tem como objetivo analisar o modelo das compet\u00eancias e da politecnia enquanto perspectivas que representam posi\u00e7\u00f5es antag\u00f4nicas na forma\u00e7\u00e3o humana e discutir a concep\u00e7\u00e3o do trabalho, forma\u00e7\u00e3o para o trabalho e forma\u00e7\u00e3o humana nestas duas perspectivas. E, especificamente, busca-se nesta pesquisa investigar como a politecnia se torna uma perspectiva educativa contradominante, e levanta os principais debates no campo marxista. Para tal, esta pesquisa, baseada no materialismo hist\u00f3rico-dial\u00e9tico, utilizou como estrat\u00e9gia metodol\u00f3gica a revis\u00e3o da literatura. Assim, coletou os dados deste estudo por meio de uma pesquisa bibliogr\u00e1fica em livros e revistas espec\u00edficos do campo trabalho e educa\u00e7\u00e3o em que se discute compet\u00eancia, trabalho como princ\u00edpio educativo e a politecnia, apontando os posicionamentos dos cr\u00edticos Paolo Nosella, Paulo Sergio Tumolo e Sergio Lessa. Os resultados alcan\u00e7ados apontaram que o sistema capitalista \u00e9 marcado pela divis\u00e3o social do trabalho e que a educa\u00e7\u00e3o como parte do sistema capitalista \u00e9 marcada tamb\u00e9m por essa divis\u00e3o, por\u00e9m compreendeu-se que \u00e9 preciso se atentar as condi\u00e7\u00f5es que a classe trabalhadora tem vivenciado e fortalecer a import\u00e2ncia da defesa da educa\u00e7\u00e3o polit\u00e9cnica, a fim de assegurar a melhor educa\u00e7\u00e3o a toda classe trabalhadora. A conclus\u00e3o aponta a possibilidade de se alcan\u00e7ar uma nova sociedade por meio da luta de classe, o ganho de espa\u00e7o nas contradi\u00e7\u00f5es existentes no sistema capitalista e a possibilidade de uma nova educa\u00e7\u00e3o, em condi\u00e7\u00f5es qualitativas e de igualdade no construto hist\u00f3rico social do trabalho e da educa\u00e7\u00e3o.<\/p>\n<p><strong>\u00a0<\/strong><\/p>\n<p>Palavras-chave: trabalho, educa\u00e7\u00e3o e omnilateralidade.<\/p>\n<ul>\n<li><a href=\"http:\/\/ppgecpan.draconis.ufms.br\/files\/2015\/04\/def_disserta\u00e7\u00e3o-jana\u00edna.pdf\" target=\"_blank\">DOWNLOAD<\/a><\/li>\n<\/ul>\n","protected":false},"excerpt":{"rendered":"<p>RESUMO &nbsp; Este estudo tem como objetivo analisar o modelo das compet\u00eancias e da politecnia enquanto perspectivas que representam posi\u00e7\u00f5es antag\u00f4nicas na forma\u00e7\u00e3o humana e discutir a concep\u00e7\u00e3o do trabalho, forma\u00e7\u00e3o para o trabalho e forma\u00e7\u00e3o humana nestas duas perspectivas. E, especificamente, busca-se nesta pesquisa investigar como a politecnia se torna uma perspectiva educativa contradominante, [&hellip;]<\/p>\n","protected":false},"author":1488,"featured_media":968,"comment_status":"closed","ping_status":"open","sticky":false,"template":"","format":"standard","meta":{"footnotes":""},"categories":[31,8,29],"tags":[],"coauthors":[],"class_list":["post-999","post","type-post","status-publish","format-standard","has-post-thumbnail","hentry","category-31","category-dissertacoes","category-novidades"],"_links":{"self":[{"href":"https:\/\/ppgecpan.ufms.br\/en\/wp-json\/wp\/v2\/posts\/999","targetHints":{"allow":["GET"]}}],"collection":[{"href":"https:\/\/ppgecpan.ufms.br\/en\/wp-json\/wp\/v2\/posts"}],"about":[{"href":"https:\/\/ppgecpan.ufms.br\/en\/wp-json\/wp\/v2\/types\/post"}],"author":[{"embeddable":true,"href":"https:\/\/ppgecpan.ufms.br\/en\/wp-json\/wp\/v2\/users\/1488"}],"replies":[{"embeddable":true,"href":"https:\/\/ppgecpan.ufms.br\/en\/wp-json\/wp\/v2\/comments?post=999"}],"version-history":[{"count":1,"href":"https:\/\/ppgecpan.ufms.br\/en\/wp-json\/wp\/v2\/posts\/999\/revisions"}],"predecessor-version":[{"id":1000,"href":"https:\/\/ppgecpan.ufms.br\/en\/wp-json\/wp\/v2\/posts\/999\/revisions\/1000"}],"wp:featuredmedia":[{"embeddable":true,"href":"https:\/\/ppgecpan.ufms.br\/en\/wp-json\/wp\/v2\/media\/968"}],"wp:attachment":[{"href":"https:\/\/ppgecpan.ufms.br\/en\/wp-json\/wp\/v2\/media?parent=999"}],"wp:term":[{"taxonomy":"category","embeddable":true,"href":"https:\/\/ppgecpan.ufms.br\/en\/wp-json\/wp\/v2\/categories?post=999"},{"taxonomy":"post_tag","embeddable":true,"href":"https:\/\/ppgecpan.ufms.br\/en\/wp-json\/wp\/v2\/tags?post=999"},{"taxonomy":"author","embeddable":true,"href":"https:\/\/ppgecpan.ufms.br\/en\/wp-json\/wp\/v2\/coauthors?post=999"}],"curies":[{"name":"wp","href":"https:\/\/api.w.org\/{rel}","templated":true}]}}